{"id":481,"date":"2024-07-04T00:43:50","date_gmt":"2024-07-03T22:43:50","guid":{"rendered":"https:\/\/alikhbariaattounsia.com\/fr\/?p=481"},"modified":"2024-07-04T00:43:50","modified_gmt":"2024-07-03T22:43:50","slug":"kais-saied-recoit-le-directeur-general-de-loit","status":"publish","type":"post","link":"https:\/\/lexpertjournal.net\/fr\/?p=481","title":{"rendered":"Kais Sa\u00efed re\u00e7oit le directeur g\u00e9n\u00e9ral de l&rsquo;OIT"},"content":{"rendered":"<p>Le pr\u00e9sident de la R\u00e9publique, Kais Sa\u00efed, a re\u00e7u, ce mercredi \u00e0 Carthage, le pr\u00e9sident de l&rsquo;Organisation internationale du travail, Gilbert Houngbo.<\/p>\n<p>Le chef de l&rsquo;Etat a salu\u00e9, \u00e0 cette occasion, le projet de l&rsquo;OIT pour la mise en place d&rsquo;une coalition mondiale pour la justice sociale et soulign\u00e9 que le monde a besoin de ce genre d&rsquo;initiatives et d&rsquo;une nouvelle pens\u00e9e pour relever les d\u00e9fis auxquels l&rsquo;humanit\u00e9 toute enti\u00e8re est confront\u00e9e.<\/p>\n<p>Kais et Sa\u00efed a, aussi, abord\u00e9 les grandes dates qui ont marqu\u00e9 l&rsquo;histoire de l&rsquo;Organisation internationale du travail et son pass\u00e9 militant pour instaurer les droits au travail et \u00e0 la justice sociale.<\/p>\n<p>Il a, \u00e9galement, soulign\u00e9 que Tunisie et le monde entier esp\u00e8rent garantir le droit au travail et les droits des travailleurs sur la base de la justice, d&rsquo;autant que la paix, la s\u00e9curit\u00e9 et la stabilit\u00e9 ne peuvent \u00eatre assur\u00e9es que sous une justice \u00e9quitable.<\/p>\n","protected":false},"excerpt":{"rendered":"<p>Le pr\u00e9sident de la R\u00e9publique, Kais Sa\u00efed, a re\u00e7u, ce mercredi \u00e0 Carthage, le pr\u00e9sident de l&rsquo;Organisation internationale du travail, Gilbert Houngbo. Le chef de l&rsquo;Etat a salu\u00e9, \u00e0 cette occasion, le projet de l&rsquo;OIT pour la mise en place d&rsquo;une coalition mondiale pour la justice sociale et soulign\u00e9 que le monde a besoin de [&hellip;]<\/p>\n","protected":false},"author":1,"featured_media":482,"comment_status":"open","ping_status":"open","sticky":false,"template":"","format":"standard","meta":{"footnotes":""},"categories":[29],"tags":[268],"class_list":["post-481","post","type-post","status-publish","format-standard","has-post-thumbnail","hentry","category-actualites","tag-kais-et-saied"],"yoast_head":"<!-- This site is optimized with the Yoast SEO Premium plugin v24.9 (Yoast SEO v24.9) - https:\/\/yoast.com\/wordpress\/plugins\/seo\/ -->\n<title>Kais Sa\u00efed re\u00e7oit le directeur g\u00e9n\u00e9ral de l&#039;OIT - L&#039;expert Journal<\/title>\n<meta name=\"robots\" content=\"index, follow, max-snippet:-1, max-image-preview:large, max-video-preview:-1\" \/>\n<link rel=\"canonical\" href=\"https:\/\/lexpertjournal.net\/fr\/?p=481\" \/>\n<meta property=\"og:locale\" content=\"fr_FR\" \/>\n<meta property=\"og:type\" content=\"article\" \/>\n<meta property=\"og:title\" content=\"Kais Sa\u00efed re\u00e7oit le directeur g\u00e9n\u00e9ral de l&#039;OIT\" \/>\n<meta property=\"og:description\" content=\"Le pr\u00e9sident de la R\u00e9publique, Kais Sa\u00efed, a re\u00e7u, ce mercredi \u00e0 Carthage, le pr\u00e9sident de l&rsquo;Organisation internationale du travail, Gilbert Houngbo. Le chef de l&rsquo;Etat a salu\u00e9, \u00e0 cette occasion, le projet de l&rsquo;OIT pour la mise en place d&rsquo;une coalition mondiale pour la justice sociale et soulign\u00e9 que le monde a besoin de [&hellip;]\" \/>\n<meta property=\"og:url\" content=\"https:\/\/lexpertjournal.net\/fr\/?p=481\" \/>\n<meta property=\"og:site_name\" content=\"L&#039;expert Journal\" \/>\n<meta property=\"article:publisher\" content=\"https:\/\/www.facebook.com\/Samya.Ayari.tn\" \/>\n<meta property=\"article:published_time\" content=\"2024-07-03T22:43:50+00:00\" \/>\n<meta name=\"author\" content=\"admin\" \/>\n<meta name=\"twitter:card\" content=\"summary_large_image\" \/>\n<meta name=\"twitter:label1\" content=\"\u00c9crit par\" \/>\n\t<meta name=\"twitter:data1\" content=\"admin\" \/>\n\t<meta name=\"twitter:label2\" content=\"Dur\u00e9e de lecture estim\u00e9e\" \/>\n\t<meta name=\"twitter:data2\" content=\"1 minute\" \/>\n<script type=\"application\/ld+json\" class=\"yoast-schema-graph\">{\"@context\":\"https:\/\/schema.org\",\"@graph\":[{\"@type\":\"Article\",\"@id\":\"https:\/\/lexpertjournal.net\/fr\/?p=481#article\",\"isPartOf\":{\"@id\":\"https:\/\/lexpertjournal.net\/fr\/?p=481\"},\"author\":{\"name\":\"admin\",\"@id\":\"https:\/\/lexpertjournal.net\/fr\/#\/schema\/person\/9255c2530cbf41c7e1d04dd76bf78549\"},\"headline\":\"Kais Sa\u00efed re\u00e7oit le directeur g\u00e9n\u00e9ral de l&rsquo;OIT\",\"datePublished\":\"2024-07-03T22:43:50+00:00\",\"mainEntityOfPage\":{\"@id\":\"https:\/\/lexpertjournal.net\/fr\/?p=481\"},\"wordCount\":172,\"commentCount\":0,\"publisher\":{\"@id\":\"https:\/\/lexpertjournal.net\/fr\/#organization\"},\"image\":{\"@id\":\"https:\/\/lexpertjournal.net\/fr\/?p=481#primaryimage\"},\"thumbnailUrl\":\"\",\"keywords\":[\"Kais et Sa\u00efed\"],\"articleSection\":[\"Actualit\u00e9s\"],\"inLanguage\":\"fr-FR\",\"potentialAction\":[{\"@type\":\"CommentAction\",\"name\":\"Comment\",\"target\":[\"https:\/\/lexpertjournal.net\/fr\/?p=481#respond\"]}]},{\"@type\":\"WebPage\",\"@id\":\"https:\/\/lexpertjournal.net\/fr\/?p=481\",\"url\":\"https:\/\/lexpertjournal.net\/fr\/?p=481\",\"name\":\"Kais Sa\u00efed re\u00e7oit le directeur g\u00e9n\u00e9ral de l'OIT - L&#039;expert Journal\",\"isPartOf\":{\"@id\":\"https:\/\/lexpertjournal.net\/fr\/#website\"},\"primaryImageOfPage\":{\"@id\":\"https:\/\/lexpertjournal.net\/fr\/?p=481#primaryimage\"},\"image\":{\"@id\":\"https:\/\/lexpertjournal.net\/fr\/?p=481#primaryimage\"},\"thumbnailUrl\":\"\",\"datePublished\":\"2024-07-03T22:43:50+00:00\",\"breadcrumb\":{\"@id\":\"https:\/\/lexpertjournal.net\/fr\/?p=481#breadcrumb\"},\"inLanguage\":\"fr-FR\",\"potentialAction\":[{\"@type\":\"ReadAction\",\"target\":[\"https:\/\/lexpertjournal.net\/fr\/?p=481\"]}]},{\"@type\":\"ImageObject\",\"inLanguage\":\"fr-FR\",\"@id\":\"https:\/\/lexpertjournal.net\/fr\/?p=481#primaryimage\",\"url\":\"\",\"contentUrl\":\"\"},{\"@type\":\"BreadcrumbList\",\"@id\":\"https:\/\/lexpertjournal.net\/fr\/?p=481#breadcrumb\",\"itemListElement\":[{\"@type\":\"ListItem\",\"position\":1,\"name\":\"Accueil\",\"item\":\"https:\/\/lexpertjournal.net\/fr\/\"},{\"@type\":\"ListItem\",\"position\":2,\"name\":\"Kais Sa\u00efed re\u00e7oit le directeur g\u00e9n\u00e9ral de l&rsquo;OIT\"}]},{\"@type\":\"WebSite\",\"@id\":\"https:\/\/lexpertjournal.net\/fr\/#website\",\"url\":\"https:\/\/lexpertjournal.net\/fr\/\",\"name\":\"L'expert Journal\",\"description\":\"\",\"publisher\":{\"@id\":\"https:\/\/lexpertjournal.net\/fr\/#organization\"},\"potentialAction\":[{\"@type\":\"SearchAction\",\"target\":{\"@type\":\"EntryPoint\",\"urlTemplate\":\"https:\/\/lexpertjournal.net\/fr\/?s={search_term_string}\"},\"query-input\":{\"@type\":\"PropertyValueSpecification\",\"valueRequired\":true,\"valueName\":\"search_term_string\"}}],\"inLanguage\":\"fr-FR\"},{\"@type\":\"Organization\",\"@id\":\"https:\/\/lexpertjournal.net\/fr\/#organization\",\"name\":\"L'expert Journal\",\"url\":\"https:\/\/lexpertjournal.net\/fr\/\",\"logo\":{\"@type\":\"ImageObject\",\"inLanguage\":\"fr-FR\",\"@id\":\"https:\/\/lexpertjournal.net\/fr\/#\/schema\/logo\/image\/\",\"url\":\"https:\/\/lexpertjournal.net\/fr\/wp-content\/uploads\/2025\/04\/Capture_d_ecran_2025-04-13_a_17.47.13-removebg-preview-1.png\",\"contentUrl\":\"https:\/\/lexpertjournal.net\/fr\/wp-content\/uploads\/2025\/04\/Capture_d_ecran_2025-04-13_a_17.47.13-removebg-preview-1.png\",\"width\":644,\"height\":154,\"caption\":\"L'expert Journal\"},\"image\":{\"@id\":\"https:\/\/lexpertjournal.net\/fr\/#\/schema\/logo\/image\/\"},\"sameAs\":[\"https:\/\/www.facebook.com\/Samya.Ayari.tn\"]},{\"@type\":\"Person\",\"@id\":\"https:\/\/lexpertjournal.net\/fr\/#\/schema\/person\/9255c2530cbf41c7e1d04dd76bf78549\",\"name\":\"admin\",\"image\":{\"@type\":\"ImageObject\",\"inLanguage\":\"fr-FR\",\"@id\":\"https:\/\/lexpertjournal.net\/fr\/#\/schema\/person\/image\/\",\"url\":\"https:\/\/secure.gravatar.com\/avatar\/f5ba5b6f384316af460736fc1ad6e7dc656c1200a4e1432ebf9ef107fa52f7f9?s=96&d=mm&r=g\",\"contentUrl\":\"https:\/\/secure.gravatar.com\/avatar\/f5ba5b6f384316af460736fc1ad6e7dc656c1200a4e1432ebf9ef107fa52f7f9?s=96&d=mm&r=g\",\"caption\":\"admin\"},\"sameAs\":[\"http:\/\/lexperj.cluster100.hosting.ovh.net\/fr\"],\"url\":\"https:\/\/lexpertjournal.net\/fr\/?author=1\"}]}<\/script>\n<!-- \/ Yoast SEO Premium plugin. -->","yoast_head_json":{"title":"Kais Sa\u00efed re\u00e7oit le directeur g\u00e9n\u00e9ral de l'OIT - L&#039;expert Journal","robots":{"index":"index","follow":"follow","max-snippet":"max-snippet:-1","max-image-preview":"max-image-preview:large","max-video-preview":"max-video-preview:-1"},"canonical":"https:\/\/lexpertjournal.net\/fr\/?p=481","og_locale":"fr_FR","og_type":"article","og_title":"Kais Sa\u00efed re\u00e7oit le directeur g\u00e9n\u00e9ral de l'OIT","og_description":"Le pr\u00e9sident de la R\u00e9publique, Kais Sa\u00efed, a re\u00e7u, ce mercredi \u00e0 Carthage, le pr\u00e9sident de l&rsquo;Organisation internationale du travail, Gilbert Houngbo. Le chef de l&rsquo;Etat a salu\u00e9, \u00e0 cette occasion, le projet de l&rsquo;OIT pour la mise en place d&rsquo;une coalition mondiale pour la justice sociale et soulign\u00e9 que le monde a besoin de [&hellip;]","og_url":"https:\/\/lexpertjournal.net\/fr\/?p=481","og_site_name":"L&#039;expert Journal","article_publisher":"https:\/\/www.facebook.com\/Samya.Ayari.tn","article_published_time":"2024-07-03T22:43:50+00:00","author":"admin","twitter_card":"summary_large_image","twitter_misc":{"\u00c9crit par":"admin","Dur\u00e9e de lecture estim\u00e9e":"1 minute"},"schema":{"@context":"https:\/\/schema.org","@graph":[{"@type":"Article","@id":"https:\/\/lexpertjournal.net\/fr\/?p=481#article","isPartOf":{"@id":"https:\/\/lexpertjournal.net\/fr\/?p=481"},"author":{"name":"admin","@id":"https:\/\/lexpertjournal.net\/fr\/#\/schema\/person\/9255c2530cbf41c7e1d04dd76bf78549"},"headline":"Kais Sa\u00efed re\u00e7oit le directeur g\u00e9n\u00e9ral de l&rsquo;OIT","datePublished":"2024-07-03T22:43:50+00:00","mainEntityOfPage":{"@id":"https:\/\/lexpertjournal.net\/fr\/?p=481"},"wordCount":172,"commentCount":0,"publisher":{"@id":"https:\/\/lexpertjournal.net\/fr\/#organization"},"image":{"@id":"https:\/\/lexpertjournal.net\/fr\/?p=481#primaryimage"},"thumbnailUrl":"","keywords":["Kais et Sa\u00efed"],"articleSection":["Actualit\u00e9s"],"inLanguage":"fr-FR","potentialAction":[{"@type":"CommentAction","name":"Comment","target":["https:\/\/lexpertjournal.net\/fr\/?p=481#respond"]}]},{"@type":"WebPage","@id":"https:\/\/lexpertjournal.net\/fr\/?p=481","url":"https:\/\/lexpertjournal.net\/fr\/?p=481","name":"Kais Sa\u00efed re\u00e7oit le directeur g\u00e9n\u00e9ral de l'OIT - L&#039;expert Journal","isPartOf":{"@id":"https:\/\/lexpertjournal.net\/fr\/#website"},"primaryImageOfPage":{"@id":"https:\/\/lexpertjournal.net\/fr\/?p=481#primaryimage"},"image":{"@id":"https:\/\/lexpertjournal.net\/fr\/?p=481#primaryimage"},"thumbnailUrl":"","datePublished":"2024-07-03T22:43:50+00:00","breadcrumb":{"@id":"https:\/\/lexpertjournal.net\/fr\/?p=481#breadcrumb"},"inLanguage":"fr-FR","potentialAction":[{"@type":"ReadAction","target":["https:\/\/lexpertjournal.net\/fr\/?p=481"]}]},{"@type":"ImageObject","inLanguage":"fr-FR","@id":"https:\/\/lexpertjournal.net\/fr\/?p=481#primaryimage","url":"","contentUrl":""},{"@type":"BreadcrumbList","@id":"https:\/\/lexpertjournal.net\/fr\/?p=481#breadcrumb","itemListElement":[{"@type":"ListItem","position":1,"name":"Accueil","item":"https:\/\/lexpertjournal.net\/fr\/"},{"@type":"ListItem","position":2,"name":"Kais Sa\u00efed re\u00e7oit le directeur g\u00e9n\u00e9ral de l&rsquo;OIT"}]},{"@type":"WebSite","@id":"https:\/\/lexpertjournal.net\/fr\/#website","url":"https:\/\/lexpertjournal.net\/fr\/","name":"L'expert Journal","description":"","publisher":{"@id":"https:\/\/lexpertjournal.net\/fr\/#organization"},"potentialAction":[{"@type":"SearchAction","target":{"@type":"EntryPoint","urlTemplate":"https:\/\/lexpertjournal.net\/fr\/?s={search_term_string}"},"query-input":{"@type":"PropertyValueSpecification","valueRequired":true,"valueName":"search_term_string"}}],"inLanguage":"fr-FR"},{"@type":"Organization","@id":"https:\/\/lexpertjournal.net\/fr\/#organization","name":"L'expert Journal","url":"https:\/\/lexpertjournal.net\/fr\/","logo":{"@type":"ImageObject","inLanguage":"fr-FR","@id":"https:\/\/lexpertjournal.net\/fr\/#\/schema\/logo\/image\/","url":"https:\/\/lexpertjournal.net\/fr\/wp-content\/uploads\/2025\/04\/Capture_d_ecran_2025-04-13_a_17.47.13-removebg-preview-1.png","contentUrl":"https:\/\/lexpertjournal.net\/fr\/wp-content\/uploads\/2025\/04\/Capture_d_ecran_2025-04-13_a_17.47.13-removebg-preview-1.png","width":644,"height":154,"caption":"L'expert Journal"},"image":{"@id":"https:\/\/lexpertjournal.net\/fr\/#\/schema\/logo\/image\/"},"sameAs":["https:\/\/www.facebook.com\/Samya.Ayari.tn"]},{"@type":"Person","@id":"https:\/\/lexpertjournal.net\/fr\/#\/schema\/person\/9255c2530cbf41c7e1d04dd76bf78549","name":"admin","image":{"@type":"ImageObject","inLanguage":"fr-FR","@id":"https:\/\/lexpertjournal.net\/fr\/#\/schema\/person\/image\/","url":"https:\/\/secure.gravatar.com\/avatar\/f5ba5b6f384316af460736fc1ad6e7dc656c1200a4e1432ebf9ef107fa52f7f9?s=96&d=mm&r=g","contentUrl":"https:\/\/secure.gravatar.com\/avatar\/f5ba5b6f384316af460736fc1ad6e7dc656c1200a4e1432ebf9ef107fa52f7f9?s=96&d=mm&r=g","caption":"admin"},"sameAs":["http:\/\/lexperj.cluster100.hosting.ovh.net\/fr"],"url":"https:\/\/lexpertjournal.net\/fr\/?author=1"}]}},"_links":{"self":[{"href":"https:\/\/lexpertjournal.net\/fr\/index.php?rest_route=\/wp\/v2\/posts\/481","targetHints":{"allow":["GET"]}}],"collection":[{"href":"https:\/\/lexpertjournal.net\/fr\/index.php?rest_route=\/wp\/v2\/posts"}],"about":[{"href":"https:\/\/lexpertjournal.net\/fr\/index.php?rest_route=\/wp\/v2\/types\/post"}],"author":[{"embeddable":true,"href":"https:\/\/lexpertjournal.net\/fr\/index.php?rest_route=\/wp\/v2\/users\/1"}],"replies":[{"embeddable":true,"href":"https:\/\/lexpertjournal.net\/fr\/index.php?rest_route=%2Fwp%2Fv2%2Fcomments&post=481"}],"version-history":[{"count":0,"href":"https:\/\/lexpertjournal.net\/fr\/index.php?rest_route=\/wp\/v2\/posts\/481\/revisions"}],"wp:featuredmedia":[{"embeddable":true,"href":"https:\/\/lexpertjournal.net\/fr\/index.php?rest_route=\/"}],"wp:attachment":[{"href":"https:\/\/lexpertjournal.net\/fr\/index.php?rest_route=%2Fwp%2Fv2%2Fmedia&parent=481"}],"wp:term":[{"taxonomy":"category","embeddable":true,"href":"https:\/\/lexpertjournal.net\/fr\/index.php?rest_route=%2Fwp%2Fv2%2Fcategories&post=481"},{"taxonomy":"post_tag","embeddable":true,"href":"https:\/\/lexpertjournal.net\/fr\/index.php?rest_route=%2Fwp%2Fv2%2Ftags&post=481"}],"curies":[{"name":"wp","href":"https:\/\/api.w.org\/{rel}","templated":true}]}}