{"id":409,"date":"2024-06-20T13:24:34","date_gmt":"2024-06-20T11:24:34","guid":{"rendered":"https:\/\/alikhbariaattounsia.com\/fr\/?p=409"},"modified":"2024-06-20T13:24:34","modified_gmt":"2024-06-20T11:24:34","slug":"salwa-abassi-les-programmes-scolaires-seront-alleges","status":"publish","type":"post","link":"https:\/\/lexpertjournal.net\/fr\/?p=409","title":{"rendered":"Salwa Abassi: Les programmes scolaires seront all\u00e9g\u00e9s"},"content":{"rendered":"<p>La ministre de l&rsquo;Education, Salwa Abassi, a d\u00e9clar\u00e9, lors d&rsquo;une intervention sur les ondes de Mosa\u00efque FM\u00a0 dans \u00ab\u00a0Sbeh Ennes\u00a0\u00bb que le Conseil sup\u00e9rieur de l&rsquo;\u00e9ducation, qui sera bient\u00f4t mis en place, se chargera du traitement des questions relatives au secteur \u00e9ducatif.<\/p>\n<p>Il a soulign\u00e9, en revanche, que des r\u00e9formes seront bient\u00f4t appliqu\u00e9es pour am\u00e9liorer l&rsquo;apprentissage des \u00e9l\u00e8ves ainsi que le niveau d&rsquo;\u00e9ducation.<\/p>\n<p>\u00ab\u00a0Pour l&rsquo;instant, il n&rsquo;y aura pas de changements majeurs. Aucune mati\u00e8re ne sera supprim\u00e9e mais les programmes seront relativement all\u00e9g\u00e9s (&#8230;) On compte miser sur les trois langues,\u00a0 \u00e0 savoir l&rsquo;Arabe, le Fran\u00e7ais et l&rsquo;Anglais. Pour les math\u00e9matiques, on va\u00a0 accorder plus d&rsquo;importance au calcul mental et essayer de simplifier les probl\u00e8mes\u00a0\u00bb , a-t-elle expliqu\u00e9.<\/p>\n","protected":false},"excerpt":{"rendered":"<p>La ministre de l&rsquo;Education, Salwa Abassi, a d\u00e9clar\u00e9, lors d&rsquo;une intervention sur les ondes de Mosa\u00efque FM\u00a0 dans \u00ab\u00a0Sbeh Ennes\u00a0\u00bb que le Conseil sup\u00e9rieur de l&rsquo;\u00e9ducation, qui sera bient\u00f4t mis en place, se chargera du traitement des questions relatives au secteur \u00e9ducatif. Il a soulign\u00e9, en revanche, que des r\u00e9formes seront bient\u00f4t appliqu\u00e9es pour am\u00e9liorer [&hellip;]<\/p>\n","protected":false},"author":1,"featured_media":410,"comment_status":"open","ping_status":"open","sticky":false,"template":"","format":"standard","meta":{"footnotes":""},"categories":[29],"tags":[253,254],"class_list":["post-409","post","type-post","status-publish","format-standard","has-post-thumbnail","hentry","category-actualites","tag-la-ministre-de-leducation","tag-salwa-abassi"],"yoast_head":"<!-- This site is optimized with the Yoast SEO Premium plugin v24.9 (Yoast SEO v24.9) - https:\/\/yoast.com\/wordpress\/plugins\/seo\/ -->\n<title>Salwa Abassi: Les programmes scolaires seront all\u00e9g\u00e9s - L&#039;expert Journal<\/title>\n<meta name=\"robots\" content=\"index, follow, max-snippet:-1, max-image-preview:large, max-video-preview:-1\" \/>\n<link rel=\"canonical\" href=\"https:\/\/lexpertjournal.net\/fr\/?p=409\" \/>\n<meta property=\"og:locale\" content=\"fr_FR\" \/>\n<meta property=\"og:type\" content=\"article\" \/>\n<meta property=\"og:title\" content=\"Salwa Abassi: Les programmes scolaires seront all\u00e9g\u00e9s\" \/>\n<meta property=\"og:description\" content=\"La ministre de l&rsquo;Education, Salwa Abassi, a d\u00e9clar\u00e9, lors d&rsquo;une intervention sur les ondes de Mosa\u00efque FM\u00a0 dans \u00ab\u00a0Sbeh Ennes\u00a0\u00bb que le Conseil sup\u00e9rieur de l&rsquo;\u00e9ducation, qui sera bient\u00f4t mis en place, se chargera du traitement des questions relatives au secteur \u00e9ducatif. Il a soulign\u00e9, en revanche, que des r\u00e9formes seront bient\u00f4t appliqu\u00e9es pour am\u00e9liorer [&hellip;]\" \/>\n<meta property=\"og:url\" content=\"https:\/\/lexpertjournal.net\/fr\/?p=409\" \/>\n<meta property=\"og:site_name\" content=\"L&#039;expert Journal\" \/>\n<meta property=\"article:publisher\" content=\"https:\/\/www.facebook.com\/Samya.Ayari.tn\" \/>\n<meta property=\"article:published_time\" content=\"2024-06-20T11:24:34+00:00\" \/>\n<meta name=\"author\" content=\"admin\" \/>\n<meta name=\"twitter:card\" content=\"summary_large_image\" \/>\n<meta name=\"twitter:label1\" content=\"\u00c9crit par\" \/>\n\t<meta name=\"twitter:data1\" content=\"admin\" \/>\n\t<meta name=\"twitter:label2\" content=\"Dur\u00e9e de lecture estim\u00e9e\" \/>\n\t<meta name=\"twitter:data2\" content=\"1 minute\" \/>\n<script type=\"application\/ld+json\" class=\"yoast-schema-graph\">{\"@context\":\"https:\/\/schema.org\",\"@graph\":[{\"@type\":\"Article\",\"@id\":\"https:\/\/lexpertjournal.net\/fr\/?p=409#article\",\"isPartOf\":{\"@id\":\"https:\/\/lexpertjournal.net\/fr\/?p=409\"},\"author\":{\"name\":\"admin\",\"@id\":\"https:\/\/lexpertjournal.net\/fr\/#\/schema\/person\/9255c2530cbf41c7e1d04dd76bf78549\"},\"headline\":\"Salwa Abassi: Les programmes scolaires seront all\u00e9g\u00e9s\",\"datePublished\":\"2024-06-20T11:24:34+00:00\",\"mainEntityOfPage\":{\"@id\":\"https:\/\/lexpertjournal.net\/fr\/?p=409\"},\"wordCount\":142,\"commentCount\":0,\"publisher\":{\"@id\":\"https:\/\/lexpertjournal.net\/fr\/#organization\"},\"image\":{\"@id\":\"https:\/\/lexpertjournal.net\/fr\/?p=409#primaryimage\"},\"thumbnailUrl\":\"\",\"keywords\":[\"La ministre de l'Education\",\"Salwa Abassi\"],\"articleSection\":[\"Actualit\u00e9s\"],\"inLanguage\":\"fr-FR\",\"potentialAction\":[{\"@type\":\"CommentAction\",\"name\":\"Comment\",\"target\":[\"https:\/\/lexpertjournal.net\/fr\/?p=409#respond\"]}]},{\"@type\":\"WebPage\",\"@id\":\"https:\/\/lexpertjournal.net\/fr\/?p=409\",\"url\":\"https:\/\/lexpertjournal.net\/fr\/?p=409\",\"name\":\"Salwa Abassi: Les programmes scolaires seront all\u00e9g\u00e9s - L&#039;expert Journal\",\"isPartOf\":{\"@id\":\"https:\/\/lexpertjournal.net\/fr\/#website\"},\"primaryImageOfPage\":{\"@id\":\"https:\/\/lexpertjournal.net\/fr\/?p=409#primaryimage\"},\"image\":{\"@id\":\"https:\/\/lexpertjournal.net\/fr\/?p=409#primaryimage\"},\"thumbnailUrl\":\"\",\"datePublished\":\"2024-06-20T11:24:34+00:00\",\"breadcrumb\":{\"@id\":\"https:\/\/lexpertjournal.net\/fr\/?p=409#breadcrumb\"},\"inLanguage\":\"fr-FR\",\"potentialAction\":[{\"@type\":\"ReadAction\",\"target\":[\"https:\/\/lexpertjournal.net\/fr\/?p=409\"]}]},{\"@type\":\"ImageObject\",\"inLanguage\":\"fr-FR\",\"@id\":\"https:\/\/lexpertjournal.net\/fr\/?p=409#primaryimage\",\"url\":\"\",\"contentUrl\":\"\"},{\"@type\":\"BreadcrumbList\",\"@id\":\"https:\/\/lexpertjournal.net\/fr\/?p=409#breadcrumb\",\"itemListElement\":[{\"@type\":\"ListItem\",\"position\":1,\"name\":\"Accueil\",\"item\":\"https:\/\/lexpertjournal.net\/fr\/\"},{\"@type\":\"ListItem\",\"position\":2,\"name\":\"Salwa Abassi: Les programmes scolaires seront all\u00e9g\u00e9s\"}]},{\"@type\":\"WebSite\",\"@id\":\"https:\/\/lexpertjournal.net\/fr\/#website\",\"url\":\"https:\/\/lexpertjournal.net\/fr\/\",\"name\":\"L'expert Journal\",\"description\":\"\",\"publisher\":{\"@id\":\"https:\/\/lexpertjournal.net\/fr\/#organization\"},\"potentialAction\":[{\"@type\":\"SearchAction\",\"target\":{\"@type\":\"EntryPoint\",\"urlTemplate\":\"https:\/\/lexpertjournal.net\/fr\/?s={search_term_string}\"},\"query-input\":{\"@type\":\"PropertyValueSpecification\",\"valueRequired\":true,\"valueName\":\"search_term_string\"}}],\"inLanguage\":\"fr-FR\"},{\"@type\":\"Organization\",\"@id\":\"https:\/\/lexpertjournal.net\/fr\/#organization\",\"name\":\"L'expert Journal\",\"url\":\"https:\/\/lexpertjournal.net\/fr\/\",\"logo\":{\"@type\":\"ImageObject\",\"inLanguage\":\"fr-FR\",\"@id\":\"https:\/\/lexpertjournal.net\/fr\/#\/schema\/logo\/image\/\",\"url\":\"https:\/\/lexpertjournal.net\/fr\/wp-content\/uploads\/2025\/04\/Capture_d_ecran_2025-04-13_a_17.47.13-removebg-preview-1.png\",\"contentUrl\":\"https:\/\/lexpertjournal.net\/fr\/wp-content\/uploads\/2025\/04\/Capture_d_ecran_2025-04-13_a_17.47.13-removebg-preview-1.png\",\"width\":644,\"height\":154,\"caption\":\"L'expert Journal\"},\"image\":{\"@id\":\"https:\/\/lexpertjournal.net\/fr\/#\/schema\/logo\/image\/\"},\"sameAs\":[\"https:\/\/www.facebook.com\/Samya.Ayari.tn\"]},{\"@type\":\"Person\",\"@id\":\"https:\/\/lexpertjournal.net\/fr\/#\/schema\/person\/9255c2530cbf41c7e1d04dd76bf78549\",\"name\":\"admin\",\"image\":{\"@type\":\"ImageObject\",\"inLanguage\":\"fr-FR\",\"@id\":\"https:\/\/lexpertjournal.net\/fr\/#\/schema\/person\/image\/\",\"url\":\"https:\/\/secure.gravatar.com\/avatar\/f5ba5b6f384316af460736fc1ad6e7dc656c1200a4e1432ebf9ef107fa52f7f9?s=96&d=mm&r=g\",\"contentUrl\":\"https:\/\/secure.gravatar.com\/avatar\/f5ba5b6f384316af460736fc1ad6e7dc656c1200a4e1432ebf9ef107fa52f7f9?s=96&d=mm&r=g\",\"caption\":\"admin\"},\"sameAs\":[\"http:\/\/lexperj.cluster100.hosting.ovh.net\/fr\"],\"url\":\"https:\/\/lexpertjournal.net\/fr\/?author=1\"}]}<\/script>\n<!-- \/ Yoast SEO Premium plugin. -->","yoast_head_json":{"title":"Salwa Abassi: Les programmes scolaires seront all\u00e9g\u00e9s - L&#039;expert Journal","robots":{"index":"index","follow":"follow","max-snippet":"max-snippet:-1","max-image-preview":"max-image-preview:large","max-video-preview":"max-video-preview:-1"},"canonical":"https:\/\/lexpertjournal.net\/fr\/?p=409","og_locale":"fr_FR","og_type":"article","og_title":"Salwa Abassi: Les programmes scolaires seront all\u00e9g\u00e9s","og_description":"La ministre de l&rsquo;Education, Salwa Abassi, a d\u00e9clar\u00e9, lors d&rsquo;une intervention sur les ondes de Mosa\u00efque FM\u00a0 dans \u00ab\u00a0Sbeh Ennes\u00a0\u00bb que le Conseil sup\u00e9rieur de l&rsquo;\u00e9ducation, qui sera bient\u00f4t mis en place, se chargera du traitement des questions relatives au secteur \u00e9ducatif. Il a soulign\u00e9, en revanche, que des r\u00e9formes seront bient\u00f4t appliqu\u00e9es pour am\u00e9liorer [&hellip;]","og_url":"https:\/\/lexpertjournal.net\/fr\/?p=409","og_site_name":"L&#039;expert Journal","article_publisher":"https:\/\/www.facebook.com\/Samya.Ayari.tn","article_published_time":"2024-06-20T11:24:34+00:00","author":"admin","twitter_card":"summary_large_image","twitter_misc":{"\u00c9crit par":"admin","Dur\u00e9e de lecture estim\u00e9e":"1 minute"},"schema":{"@context":"https:\/\/schema.org","@graph":[{"@type":"Article","@id":"https:\/\/lexpertjournal.net\/fr\/?p=409#article","isPartOf":{"@id":"https:\/\/lexpertjournal.net\/fr\/?p=409"},"author":{"name":"admin","@id":"https:\/\/lexpertjournal.net\/fr\/#\/schema\/person\/9255c2530cbf41c7e1d04dd76bf78549"},"headline":"Salwa Abassi: Les programmes scolaires seront all\u00e9g\u00e9s","datePublished":"2024-06-20T11:24:34+00:00","mainEntityOfPage":{"@id":"https:\/\/lexpertjournal.net\/fr\/?p=409"},"wordCount":142,"commentCount":0,"publisher":{"@id":"https:\/\/lexpertjournal.net\/fr\/#organization"},"image":{"@id":"https:\/\/lexpertjournal.net\/fr\/?p=409#primaryimage"},"thumbnailUrl":"","keywords":["La ministre de l'Education","Salwa Abassi"],"articleSection":["Actualit\u00e9s"],"inLanguage":"fr-FR","potentialAction":[{"@type":"CommentAction","name":"Comment","target":["https:\/\/lexpertjournal.net\/fr\/?p=409#respond"]}]},{"@type":"WebPage","@id":"https:\/\/lexpertjournal.net\/fr\/?p=409","url":"https:\/\/lexpertjournal.net\/fr\/?p=409","name":"Salwa Abassi: Les programmes scolaires seront all\u00e9g\u00e9s - L&#039;expert Journal","isPartOf":{"@id":"https:\/\/lexpertjournal.net\/fr\/#website"},"primaryImageOfPage":{"@id":"https:\/\/lexpertjournal.net\/fr\/?p=409#primaryimage"},"image":{"@id":"https:\/\/lexpertjournal.net\/fr\/?p=409#primaryimage"},"thumbnailUrl":"","datePublished":"2024-06-20T11:24:34+00:00","breadcrumb":{"@id":"https:\/\/lexpertjournal.net\/fr\/?p=409#breadcrumb"},"inLanguage":"fr-FR","potentialAction":[{"@type":"ReadAction","target":["https:\/\/lexpertjournal.net\/fr\/?p=409"]}]},{"@type":"ImageObject","inLanguage":"fr-FR","@id":"https:\/\/lexpertjournal.net\/fr\/?p=409#primaryimage","url":"","contentUrl":""},{"@type":"BreadcrumbList","@id":"https:\/\/lexpertjournal.net\/fr\/?p=409#breadcrumb","itemListElement":[{"@type":"ListItem","position":1,"name":"Accueil","item":"https:\/\/lexpertjournal.net\/fr\/"},{"@type":"ListItem","position":2,"name":"Salwa Abassi: Les programmes scolaires seront all\u00e9g\u00e9s"}]},{"@type":"WebSite","@id":"https:\/\/lexpertjournal.net\/fr\/#website","url":"https:\/\/lexpertjournal.net\/fr\/","name":"L'expert Journal","description":"","publisher":{"@id":"https:\/\/lexpertjournal.net\/fr\/#organization"},"potentialAction":[{"@type":"SearchAction","target":{"@type":"EntryPoint","urlTemplate":"https:\/\/lexpertjournal.net\/fr\/?s={search_term_string}"},"query-input":{"@type":"PropertyValueSpecification","valueRequired":true,"valueName":"search_term_string"}}],"inLanguage":"fr-FR"},{"@type":"Organization","@id":"https:\/\/lexpertjournal.net\/fr\/#organization","name":"L'expert Journal","url":"https:\/\/lexpertjournal.net\/fr\/","logo":{"@type":"ImageObject","inLanguage":"fr-FR","@id":"https:\/\/lexpertjournal.net\/fr\/#\/schema\/logo\/image\/","url":"https:\/\/lexpertjournal.net\/fr\/wp-content\/uploads\/2025\/04\/Capture_d_ecran_2025-04-13_a_17.47.13-removebg-preview-1.png","contentUrl":"https:\/\/lexpertjournal.net\/fr\/wp-content\/uploads\/2025\/04\/Capture_d_ecran_2025-04-13_a_17.47.13-removebg-preview-1.png","width":644,"height":154,"caption":"L'expert Journal"},"image":{"@id":"https:\/\/lexpertjournal.net\/fr\/#\/schema\/logo\/image\/"},"sameAs":["https:\/\/www.facebook.com\/Samya.Ayari.tn"]},{"@type":"Person","@id":"https:\/\/lexpertjournal.net\/fr\/#\/schema\/person\/9255c2530cbf41c7e1d04dd76bf78549","name":"admin","image":{"@type":"ImageObject","inLanguage":"fr-FR","@id":"https:\/\/lexpertjournal.net\/fr\/#\/schema\/person\/image\/","url":"https:\/\/secure.gravatar.com\/avatar\/f5ba5b6f384316af460736fc1ad6e7dc656c1200a4e1432ebf9ef107fa52f7f9?s=96&d=mm&r=g","contentUrl":"https:\/\/secure.gravatar.com\/avatar\/f5ba5b6f384316af460736fc1ad6e7dc656c1200a4e1432ebf9ef107fa52f7f9?s=96&d=mm&r=g","caption":"admin"},"sameAs":["http:\/\/lexperj.cluster100.hosting.ovh.net\/fr"],"url":"https:\/\/lexpertjournal.net\/fr\/?author=1"}]}},"_links":{"self":[{"href":"https:\/\/lexpertjournal.net\/fr\/index.php?rest_route=\/wp\/v2\/posts\/409","targetHints":{"allow":["GET"]}}],"collection":[{"href":"https:\/\/lexpertjournal.net\/fr\/index.php?rest_route=\/wp\/v2\/posts"}],"about":[{"href":"https:\/\/lexpertjournal.net\/fr\/index.php?rest_route=\/wp\/v2\/types\/post"}],"author":[{"embeddable":true,"href":"https:\/\/lexpertjournal.net\/fr\/index.php?rest_route=\/wp\/v2\/users\/1"}],"replies":[{"embeddable":true,"href":"https:\/\/lexpertjournal.net\/fr\/index.php?rest_route=%2Fwp%2Fv2%2Fcomments&post=409"}],"version-history":[{"count":0,"href":"https:\/\/lexpertjournal.net\/fr\/index.php?rest_route=\/wp\/v2\/posts\/409\/revisions"}],"wp:featuredmedia":[{"embeddable":true,"href":"https:\/\/lexpertjournal.net\/fr\/index.php?rest_route=\/"}],"wp:attachment":[{"href":"https:\/\/lexpertjournal.net\/fr\/index.php?rest_route=%2Fwp%2Fv2%2Fmedia&parent=409"}],"wp:term":[{"taxonomy":"category","embeddable":true,"href":"https:\/\/lexpertjournal.net\/fr\/index.php?rest_route=%2Fwp%2Fv2%2Fcategories&post=409"},{"taxonomy":"post_tag","embeddable":true,"href":"https:\/\/lexpertjournal.net\/fr\/index.php?rest_route=%2Fwp%2Fv2%2Ftags&post=409"}],"curies":[{"name":"wp","href":"https:\/\/api.w.org\/{rel}","templated":true}]}}