{"id":400,"date":"2024-06-18T13:23:54","date_gmt":"2024-06-18T11:23:54","guid":{"rendered":"https:\/\/alikhbariaattounsia.com\/fr\/?p=400"},"modified":"2024-06-18T13:23:54","modified_gmt":"2024-06-18T11:23:54","slug":"belgique-radhi-jaidi-quitte-le-cercle-bruges","status":"publish","type":"post","link":"https:\/\/lexpertjournal.net\/fr\/?p=400","title":{"rendered":"Belgique: Radhi Ja\u00efdi quitte le Cercle Bruges"},"content":{"rendered":"<p>Le coach tunisien Radhi Ja\u00efdi a annonc\u00e9, sur son compte Facebook, la fin de son exp\u00e9rience, en tant qu&rsquo;entra\u00eeneur-adjoint avec le club belge, Cercle Bruges.<\/p>\n<p>Il a, aussi, soulign\u00e9 qu&rsquo;il s&rsquo;appr\u00eate \u00e0 vivre une nouvelle exp\u00e9rience avec un autre club.<\/p>\n<p>Il est \u00e0 rappeler que le nom de l&rsquo;ex-d\u00e9fenseur international a \u00e9t\u00e9 r\u00e9cemment associ\u00e9 au club alg\u00e9rien Paradou FC, mais cette information n&rsquo;a pas \u00e9t\u00e9 confirm\u00e9e, pour l&rsquo;instant.<\/p>\n","protected":false},"excerpt":{"rendered":"<p>Le coach tunisien Radhi Ja\u00efdi a annonc\u00e9, sur son compte Facebook, la fin de son exp\u00e9rience, en tant qu&rsquo;entra\u00eeneur-adjoint avec le club belge, Cercle Bruges. Il a, aussi, soulign\u00e9 qu&rsquo;il s&rsquo;appr\u00eate \u00e0 vivre une nouvelle exp\u00e9rience avec un autre club. Il est \u00e0 rappeler que le nom de l&rsquo;ex-d\u00e9fenseur international a \u00e9t\u00e9 r\u00e9cemment associ\u00e9 au [&hellip;]<\/p>\n","protected":false},"author":1,"featured_media":402,"comment_status":"open","ping_status":"open","sticky":false,"template":"","format":"standard","meta":{"footnotes":""},"categories":[2],"tags":[6],"class_list":["post-400","post","type-post","status-publish","format-standard","has-post-thumbnail","hentry","category-sport","tag-le-coach-tunisien-radhi-jaidi"],"yoast_head":"<!-- This site is optimized with the Yoast SEO Premium plugin v24.9 (Yoast SEO v24.9) - https:\/\/yoast.com\/wordpress\/plugins\/seo\/ -->\n<title>Belgique: Radhi Ja\u00efdi quitte le Cercle Bruges - L&#039;expert Journal<\/title>\n<meta name=\"robots\" content=\"index, follow, max-snippet:-1, max-image-preview:large, max-video-preview:-1\" \/>\n<link rel=\"canonical\" href=\"https:\/\/lexpertjournal.net\/fr\/?p=400\" \/>\n<meta property=\"og:locale\" content=\"fr_FR\" \/>\n<meta property=\"og:type\" content=\"article\" \/>\n<meta property=\"og:title\" content=\"Belgique: Radhi Ja\u00efdi quitte le Cercle Bruges\" \/>\n<meta property=\"og:description\" content=\"Le coach tunisien Radhi Ja\u00efdi a annonc\u00e9, sur son compte Facebook, la fin de son exp\u00e9rience, en tant qu&rsquo;entra\u00eeneur-adjoint avec le club belge, Cercle Bruges. Il a, aussi, soulign\u00e9 qu&rsquo;il s&rsquo;appr\u00eate \u00e0 vivre une nouvelle exp\u00e9rience avec un autre club. Il est \u00e0 rappeler que le nom de l&rsquo;ex-d\u00e9fenseur international a \u00e9t\u00e9 r\u00e9cemment associ\u00e9 au [&hellip;]\" \/>\n<meta property=\"og:url\" content=\"https:\/\/lexpertjournal.net\/fr\/?p=400\" \/>\n<meta property=\"og:site_name\" content=\"L&#039;expert Journal\" \/>\n<meta property=\"article:publisher\" content=\"https:\/\/www.facebook.com\/Samya.Ayari.tn\" \/>\n<meta property=\"article:published_time\" content=\"2024-06-18T11:23:54+00:00\" \/>\n<meta name=\"author\" content=\"admin\" \/>\n<meta name=\"twitter:card\" content=\"summary_large_image\" \/>\n<meta name=\"twitter:label1\" content=\"\u00c9crit par\" \/>\n\t<meta name=\"twitter:data1\" content=\"admin\" \/>\n\t<meta name=\"twitter:label2\" content=\"Dur\u00e9e de lecture estim\u00e9e\" \/>\n\t<meta name=\"twitter:data2\" content=\"1 minute\" \/>\n<script type=\"application\/ld+json\" class=\"yoast-schema-graph\">{\"@context\":\"https:\/\/schema.org\",\"@graph\":[{\"@type\":\"Article\",\"@id\":\"https:\/\/lexpertjournal.net\/fr\/?p=400#article\",\"isPartOf\":{\"@id\":\"https:\/\/lexpertjournal.net\/fr\/?p=400\"},\"author\":{\"name\":\"admin\",\"@id\":\"https:\/\/lexpertjournal.net\/fr\/#\/schema\/person\/9255c2530cbf41c7e1d04dd76bf78549\"},\"headline\":\"Belgique: Radhi Ja\u00efdi quitte le Cercle Bruges\",\"datePublished\":\"2024-06-18T11:23:54+00:00\",\"mainEntityOfPage\":{\"@id\":\"https:\/\/lexpertjournal.net\/fr\/?p=400\"},\"wordCount\":83,\"commentCount\":0,\"publisher\":{\"@id\":\"https:\/\/lexpertjournal.net\/fr\/#organization\"},\"image\":{\"@id\":\"https:\/\/lexpertjournal.net\/fr\/?p=400#primaryimage\"},\"thumbnailUrl\":\"\",\"keywords\":[\"Le coach tunisien Radhi Ja\u00efdi\"],\"articleSection\":[\"Sport\"],\"inLanguage\":\"fr-FR\",\"potentialAction\":[{\"@type\":\"CommentAction\",\"name\":\"Comment\",\"target\":[\"https:\/\/lexpertjournal.net\/fr\/?p=400#respond\"]}]},{\"@type\":\"WebPage\",\"@id\":\"https:\/\/lexpertjournal.net\/fr\/?p=400\",\"url\":\"https:\/\/lexpertjournal.net\/fr\/?p=400\",\"name\":\"Belgique: Radhi Ja\u00efdi quitte le Cercle Bruges - L&#039;expert Journal\",\"isPartOf\":{\"@id\":\"https:\/\/lexpertjournal.net\/fr\/#website\"},\"primaryImageOfPage\":{\"@id\":\"https:\/\/lexpertjournal.net\/fr\/?p=400#primaryimage\"},\"image\":{\"@id\":\"https:\/\/lexpertjournal.net\/fr\/?p=400#primaryimage\"},\"thumbnailUrl\":\"\",\"datePublished\":\"2024-06-18T11:23:54+00:00\",\"breadcrumb\":{\"@id\":\"https:\/\/lexpertjournal.net\/fr\/?p=400#breadcrumb\"},\"inLanguage\":\"fr-FR\",\"potentialAction\":[{\"@type\":\"ReadAction\",\"target\":[\"https:\/\/lexpertjournal.net\/fr\/?p=400\"]}]},{\"@type\":\"ImageObject\",\"inLanguage\":\"fr-FR\",\"@id\":\"https:\/\/lexpertjournal.net\/fr\/?p=400#primaryimage\",\"url\":\"\",\"contentUrl\":\"\"},{\"@type\":\"BreadcrumbList\",\"@id\":\"https:\/\/lexpertjournal.net\/fr\/?p=400#breadcrumb\",\"itemListElement\":[{\"@type\":\"ListItem\",\"position\":1,\"name\":\"Accueil\",\"item\":\"https:\/\/lexpertjournal.net\/fr\/\"},{\"@type\":\"ListItem\",\"position\":2,\"name\":\"Belgique: Radhi Ja\u00efdi quitte le Cercle Bruges\"}]},{\"@type\":\"WebSite\",\"@id\":\"https:\/\/lexpertjournal.net\/fr\/#website\",\"url\":\"https:\/\/lexpertjournal.net\/fr\/\",\"name\":\"L'expert Journal\",\"description\":\"\",\"publisher\":{\"@id\":\"https:\/\/lexpertjournal.net\/fr\/#organization\"},\"potentialAction\":[{\"@type\":\"SearchAction\",\"target\":{\"@type\":\"EntryPoint\",\"urlTemplate\":\"https:\/\/lexpertjournal.net\/fr\/?s={search_term_string}\"},\"query-input\":{\"@type\":\"PropertyValueSpecification\",\"valueRequired\":true,\"valueName\":\"search_term_string\"}}],\"inLanguage\":\"fr-FR\"},{\"@type\":\"Organization\",\"@id\":\"https:\/\/lexpertjournal.net\/fr\/#organization\",\"name\":\"L'expert Journal\",\"url\":\"https:\/\/lexpertjournal.net\/fr\/\",\"logo\":{\"@type\":\"ImageObject\",\"inLanguage\":\"fr-FR\",\"@id\":\"https:\/\/lexpertjournal.net\/fr\/#\/schema\/logo\/image\/\",\"url\":\"https:\/\/lexpertjournal.net\/fr\/wp-content\/uploads\/2025\/04\/Capture_d_ecran_2025-04-13_a_17.47.13-removebg-preview-1.png\",\"contentUrl\":\"https:\/\/lexpertjournal.net\/fr\/wp-content\/uploads\/2025\/04\/Capture_d_ecran_2025-04-13_a_17.47.13-removebg-preview-1.png\",\"width\":644,\"height\":154,\"caption\":\"L'expert Journal\"},\"image\":{\"@id\":\"https:\/\/lexpertjournal.net\/fr\/#\/schema\/logo\/image\/\"},\"sameAs\":[\"https:\/\/www.facebook.com\/Samya.Ayari.tn\"]},{\"@type\":\"Person\",\"@id\":\"https:\/\/lexpertjournal.net\/fr\/#\/schema\/person\/9255c2530cbf41c7e1d04dd76bf78549\",\"name\":\"admin\",\"image\":{\"@type\":\"ImageObject\",\"inLanguage\":\"fr-FR\",\"@id\":\"https:\/\/lexpertjournal.net\/fr\/#\/schema\/person\/image\/\",\"url\":\"https:\/\/secure.gravatar.com\/avatar\/f5ba5b6f384316af460736fc1ad6e7dc656c1200a4e1432ebf9ef107fa52f7f9?s=96&d=mm&r=g\",\"contentUrl\":\"https:\/\/secure.gravatar.com\/avatar\/f5ba5b6f384316af460736fc1ad6e7dc656c1200a4e1432ebf9ef107fa52f7f9?s=96&d=mm&r=g\",\"caption\":\"admin\"},\"sameAs\":[\"http:\/\/lexperj.cluster100.hosting.ovh.net\/fr\"],\"url\":\"https:\/\/lexpertjournal.net\/fr\/?author=1\"}]}<\/script>\n<!-- \/ Yoast SEO Premium plugin. -->","yoast_head_json":{"title":"Belgique: Radhi Ja\u00efdi quitte le Cercle Bruges - L&#039;expert Journal","robots":{"index":"index","follow":"follow","max-snippet":"max-snippet:-1","max-image-preview":"max-image-preview:large","max-video-preview":"max-video-preview:-1"},"canonical":"https:\/\/lexpertjournal.net\/fr\/?p=400","og_locale":"fr_FR","og_type":"article","og_title":"Belgique: Radhi Ja\u00efdi quitte le Cercle Bruges","og_description":"Le coach tunisien Radhi Ja\u00efdi a annonc\u00e9, sur son compte Facebook, la fin de son exp\u00e9rience, en tant qu&rsquo;entra\u00eeneur-adjoint avec le club belge, Cercle Bruges. Il a, aussi, soulign\u00e9 qu&rsquo;il s&rsquo;appr\u00eate \u00e0 vivre une nouvelle exp\u00e9rience avec un autre club. Il est \u00e0 rappeler que le nom de l&rsquo;ex-d\u00e9fenseur international a \u00e9t\u00e9 r\u00e9cemment associ\u00e9 au [&hellip;]","og_url":"https:\/\/lexpertjournal.net\/fr\/?p=400","og_site_name":"L&#039;expert Journal","article_publisher":"https:\/\/www.facebook.com\/Samya.Ayari.tn","article_published_time":"2024-06-18T11:23:54+00:00","author":"admin","twitter_card":"summary_large_image","twitter_misc":{"\u00c9crit par":"admin","Dur\u00e9e de lecture estim\u00e9e":"1 minute"},"schema":{"@context":"https:\/\/schema.org","@graph":[{"@type":"Article","@id":"https:\/\/lexpertjournal.net\/fr\/?p=400#article","isPartOf":{"@id":"https:\/\/lexpertjournal.net\/fr\/?p=400"},"author":{"name":"admin","@id":"https:\/\/lexpertjournal.net\/fr\/#\/schema\/person\/9255c2530cbf41c7e1d04dd76bf78549"},"headline":"Belgique: Radhi Ja\u00efdi quitte le Cercle Bruges","datePublished":"2024-06-18T11:23:54+00:00","mainEntityOfPage":{"@id":"https:\/\/lexpertjournal.net\/fr\/?p=400"},"wordCount":83,"commentCount":0,"publisher":{"@id":"https:\/\/lexpertjournal.net\/fr\/#organization"},"image":{"@id":"https:\/\/lexpertjournal.net\/fr\/?p=400#primaryimage"},"thumbnailUrl":"","keywords":["Le coach tunisien Radhi Ja\u00efdi"],"articleSection":["Sport"],"inLanguage":"fr-FR","potentialAction":[{"@type":"CommentAction","name":"Comment","target":["https:\/\/lexpertjournal.net\/fr\/?p=400#respond"]}]},{"@type":"WebPage","@id":"https:\/\/lexpertjournal.net\/fr\/?p=400","url":"https:\/\/lexpertjournal.net\/fr\/?p=400","name":"Belgique: Radhi Ja\u00efdi quitte le Cercle Bruges - L&#039;expert Journal","isPartOf":{"@id":"https:\/\/lexpertjournal.net\/fr\/#website"},"primaryImageOfPage":{"@id":"https:\/\/lexpertjournal.net\/fr\/?p=400#primaryimage"},"image":{"@id":"https:\/\/lexpertjournal.net\/fr\/?p=400#primaryimage"},"thumbnailUrl":"","datePublished":"2024-06-18T11:23:54+00:00","breadcrumb":{"@id":"https:\/\/lexpertjournal.net\/fr\/?p=400#breadcrumb"},"inLanguage":"fr-FR","potentialAction":[{"@type":"ReadAction","target":["https:\/\/lexpertjournal.net\/fr\/?p=400"]}]},{"@type":"ImageObject","inLanguage":"fr-FR","@id":"https:\/\/lexpertjournal.net\/fr\/?p=400#primaryimage","url":"","contentUrl":""},{"@type":"BreadcrumbList","@id":"https:\/\/lexpertjournal.net\/fr\/?p=400#breadcrumb","itemListElement":[{"@type":"ListItem","position":1,"name":"Accueil","item":"https:\/\/lexpertjournal.net\/fr\/"},{"@type":"ListItem","position":2,"name":"Belgique: Radhi Ja\u00efdi quitte le Cercle Bruges"}]},{"@type":"WebSite","@id":"https:\/\/lexpertjournal.net\/fr\/#website","url":"https:\/\/lexpertjournal.net\/fr\/","name":"L'expert Journal","description":"","publisher":{"@id":"https:\/\/lexpertjournal.net\/fr\/#organization"},"potentialAction":[{"@type":"SearchAction","target":{"@type":"EntryPoint","urlTemplate":"https:\/\/lexpertjournal.net\/fr\/?s={search_term_string}"},"query-input":{"@type":"PropertyValueSpecification","valueRequired":true,"valueName":"search_term_string"}}],"inLanguage":"fr-FR"},{"@type":"Organization","@id":"https:\/\/lexpertjournal.net\/fr\/#organization","name":"L'expert Journal","url":"https:\/\/lexpertjournal.net\/fr\/","logo":{"@type":"ImageObject","inLanguage":"fr-FR","@id":"https:\/\/lexpertjournal.net\/fr\/#\/schema\/logo\/image\/","url":"https:\/\/lexpertjournal.net\/fr\/wp-content\/uploads\/2025\/04\/Capture_d_ecran_2025-04-13_a_17.47.13-removebg-preview-1.png","contentUrl":"https:\/\/lexpertjournal.net\/fr\/wp-content\/uploads\/2025\/04\/Capture_d_ecran_2025-04-13_a_17.47.13-removebg-preview-1.png","width":644,"height":154,"caption":"L'expert Journal"},"image":{"@id":"https:\/\/lexpertjournal.net\/fr\/#\/schema\/logo\/image\/"},"sameAs":["https:\/\/www.facebook.com\/Samya.Ayari.tn"]},{"@type":"Person","@id":"https:\/\/lexpertjournal.net\/fr\/#\/schema\/person\/9255c2530cbf41c7e1d04dd76bf78549","name":"admin","image":{"@type":"ImageObject","inLanguage":"fr-FR","@id":"https:\/\/lexpertjournal.net\/fr\/#\/schema\/person\/image\/","url":"https:\/\/secure.gravatar.com\/avatar\/f5ba5b6f384316af460736fc1ad6e7dc656c1200a4e1432ebf9ef107fa52f7f9?s=96&d=mm&r=g","contentUrl":"https:\/\/secure.gravatar.com\/avatar\/f5ba5b6f384316af460736fc1ad6e7dc656c1200a4e1432ebf9ef107fa52f7f9?s=96&d=mm&r=g","caption":"admin"},"sameAs":["http:\/\/lexperj.cluster100.hosting.ovh.net\/fr"],"url":"https:\/\/lexpertjournal.net\/fr\/?author=1"}]}},"_links":{"self":[{"href":"https:\/\/lexpertjournal.net\/fr\/index.php?rest_route=\/wp\/v2\/posts\/400","targetHints":{"allow":["GET"]}}],"collection":[{"href":"https:\/\/lexpertjournal.net\/fr\/index.php?rest_route=\/wp\/v2\/posts"}],"about":[{"href":"https:\/\/lexpertjournal.net\/fr\/index.php?rest_route=\/wp\/v2\/types\/post"}],"author":[{"embeddable":true,"href":"https:\/\/lexpertjournal.net\/fr\/index.php?rest_route=\/wp\/v2\/users\/1"}],"replies":[{"embeddable":true,"href":"https:\/\/lexpertjournal.net\/fr\/index.php?rest_route=%2Fwp%2Fv2%2Fcomments&post=400"}],"version-history":[{"count":0,"href":"https:\/\/lexpertjournal.net\/fr\/index.php?rest_route=\/wp\/v2\/posts\/400\/revisions"}],"wp:featuredmedia":[{"embeddable":true,"href":"https:\/\/lexpertjournal.net\/fr\/index.php?rest_route=\/"}],"wp:attachment":[{"href":"https:\/\/lexpertjournal.net\/fr\/index.php?rest_route=%2Fwp%2Fv2%2Fmedia&parent=400"}],"wp:term":[{"taxonomy":"category","embeddable":true,"href":"https:\/\/lexpertjournal.net\/fr\/index.php?rest_route=%2Fwp%2Fv2%2Fcategories&post=400"},{"taxonomy":"post_tag","embeddable":true,"href":"https:\/\/lexpertjournal.net\/fr\/index.php?rest_route=%2Fwp%2Fv2%2Ftags&post=400"}],"curies":[{"name":"wp","href":"https:\/\/api.w.org\/{rel}","templated":true}]}}