{"id":140181,"date":"2026-04-26T09:16:34","date_gmt":"2026-04-26T07:16:34","guid":{"rendered":"https:\/\/lexpertjournal.net\/fr\/?p=140181"},"modified":"2026-04-26T09:16:34","modified_gmt":"2026-04-26T07:16:34","slug":"1330-migrants-sont-decedes-en-mediterranee-centrale-en-2025","status":"publish","type":"post","link":"https:\/\/lexpertjournal.net\/fr\/?p=140181","title":{"rendered":"1330 migrants sont d\u00e9c\u00e9d\u00e9s en m\u00e9diterran\u00e9e centrale en 2025"},"content":{"rendered":"<p>Le 21 Avril dernier l\u2019Organisation Internationale pour les Migrants a publi\u00e9 un rapport intitul\u00e9 \u00abrapport intitul\u00e9 Aper\u00e7u mondial des voies migratoires 2025\u00a0\u00bb. La Tunisie est concern\u00e9e par ce rapport puisque nous sommes devenus depuis des ann\u00e9es un des passages vers l\u2019Europe. Ce rapport r\u00e9v\u00e8le aussi que le plus grand nombre de d\u00e9c\u00e8s de migrants en 2025 a \u00e9t\u00e9 enregistr\u00e9 au niveau de la m\u00e9diterran\u00e9e centrale, c\u2019est \u00e0 dire au niveau de la Tunisie et la Libye principalement. Selon le rapport les flux venant de la Tunisie ne repr\u00e9sentait que 7% en 2025 contre 30% en 2024. En terme de nationalit\u00e9 des migrants vers l\u2019Europe, les tunisiens ne repr\u00e9sentent que 3% en 2025 contre 12% en 2024. Le m\u00e9morandum d\u2019entente entre la Tunisie et l\u2019Union Europ\u00e9enne sign\u00e9 en Juillet 2023 semble porter ces fruits.<\/p>\n<p><strong>8000 migrants d\u00e9c\u00e9d\u00e9s dans le monde\u00a0:<\/strong><\/p>\n<p>Pr\u00e8s de 8\u2009000\u202fmigrants ont \u00e9t\u00e9 d\u00e9clar\u00e9s morts ou port\u00e9s disparus dans le monde en 2025, portant le total depuis 2014 \u00e0 plus de 82\u2009000, selon de nouvelles donn\u00e9es publi\u00e9es aujourd\u2019hui par l\u2019Organisation internationale pour les migrations (OIM).<\/p>\n<p>\u00c0 ce bilan s\u2019ajoutent environ 1.500 personnes suppl\u00e9mentaires pr\u00e9sum\u00e9es mortes, non encore officiellement comptabilis\u00e9es. Et depuis le d\u00e9but de l\u2019ann\u00e9e 2026, l\u2019OIM a d\u00e9j\u00e0 enregistr\u00e9 1.723 nouveaux cas.<\/p>\n<p><strong>Route de la M\u00e9diterran\u00e9e centrale\u00a0:<\/strong><\/p>\n<p>Sur les routes maritimes vers l\u2019Europe, 3.400 morts et disparitions ont \u00e9t\u00e9 recens\u00e9s en 2025, soit 43% du bilan mondial. La M\u00e9diterran\u00e9e centrale reste la route la plus meurtri\u00e8re avec 1.330 d\u00e9c\u00e8s, suivie de pr\u00e8s par la route Afrique de l\u2019Ouest vers les \u00eeles Canaries, o\u00f9 plus de 1.200 morts ont \u00e9t\u00e9 v\u00e9rifi\u00e9es.<\/p>\n<p>Le nombre d&rsquo;arriv\u00e9es en Italie et \u00e0 Malte en 2025 (66 562) est rest\u00e9 stable par rapport \u00e0 2024 (66 855). La Libye \u00e9tait le principal point de d\u00e9part (88 %) pour les travers\u00e9es maritimes vers l&rsquo;Italie. Parall\u00e8lement \u00e0 son retour en tant que principal point de d\u00e9part sur cette route et sur la route de la M\u00e9diterran\u00e9e orientale en 2025, la Libye a enregistr\u00e9 le nombre le plus \u00e9lev\u00e9 de migrants (928 839). Le profil des nationalit\u00e9s des arriv\u00e9es via cette route a \u00e9volu\u00e9 suite \u00e0 l&rsquo;absence continue de ressortissants syriens ; le Bangladesh, l&rsquo;\u00c9gypte, l&rsquo;\u00c9rythr\u00e9e, le Pakistan et le Soudan \u00e9taient les principaux pays d&rsquo;origine en 2025. Les arriv\u00e9es en provenance de la Corne de l&rsquo;Afrique ont tripl\u00e9 par rapport \u00e0 2024 (passant de 6 % \u00e0 20 %), tandis que les arriv\u00e9es tunisiennes et pakistanaises ont fortement diminu\u00e9.<\/p>\n<p>Les d\u00e9parts de Tunisie ont diminu\u00e9, passant d&rsquo;environ 30 % des flux en 2024 \u00e0 7 % en 2025 ; cependant, aucune donn\u00e9e sur les retours et les interceptions n&rsquo;est disponible.<\/p>\n<p><img decoding=\"async\" class=\"aligncenter wp-image-140182 size-full\" src=\"https:\/\/lexpertjournal.net\/fr\/wp-content\/uploads\/2026\/04\/1-1.jpg\" alt=\"\" width=\"1200\" height=\"749\" srcset=\"https:\/\/lexpertjournal.net\/fr\/wp-content\/uploads\/2026\/04\/1-1.jpg 1200w, https:\/\/lexpertjournal.net\/fr\/wp-content\/uploads\/2026\/04\/1-1-300x187.jpg 300w, https:\/\/lexpertjournal.net\/fr\/wp-content\/uploads\/2026\/04\/1-1-1024x639.jpg 1024w, https:\/\/lexpertjournal.net\/fr\/wp-content\/uploads\/2026\/04\/1-1-768x479.jpg 768w, https:\/\/lexpertjournal.net\/fr\/wp-content\/uploads\/2026\/04\/1-1-24x15.jpg 24w, https:\/\/lexpertjournal.net\/fr\/wp-content\/uploads\/2026\/04\/1-1-36x22.jpg 36w, https:\/\/lexpertjournal.net\/fr\/wp-content\/uploads\/2026\/04\/1-1-48x30.jpg 48w, https:\/\/lexpertjournal.net\/fr\/wp-content\/uploads\/2026\/04\/1-1-750x468.jpg 750w, https:\/\/lexpertjournal.net\/fr\/wp-content\/uploads\/2026\/04\/1-1-1140x712.jpg 1140w\" sizes=\"(max-width: 1200px) 100vw, 1200px\" \/><\/p>\n<p>Sur le continent am\u00e9ricain, les d\u00e9c\u00e8s ont chut\u00e9 de 1.272 en 2024 \u00e0 408 en 2025 \u2014 une baisse spectaculaire que l\u2019OIM attribue en partie au durcissement de la politique migratoire am\u00e9ricaine et \u00e0 la fermeture de la fronti\u00e8re sud.<\/p>\n<p>Source\u00a0: Rapport OIM (version en anglais) + l\u2019Expert<\/p>\n","protected":false},"excerpt":{"rendered":"<p>Le 21 Avril dernier l\u2019Organisation Internationale pour les Migrants a publi\u00e9 un rapport intitul\u00e9 \u00abrapport intitul\u00e9 Aper\u00e7u mondial des voies migratoires 2025\u00a0\u00bb. La Tunisie est concern\u00e9e par ce rapport puisque nous sommes devenus depuis des ann\u00e9es un des passages vers l\u2019Europe. Ce rapport r\u00e9v\u00e8le aussi que le plus grand nombre de d\u00e9c\u00e8s de migrants en [&hellip;]<\/p>\n","protected":false},"author":2,"featured_media":140183,"comment_status":"closed","ping_status":"closed","sticky":false,"template":"","format":"standard","meta":{"footnotes":""},"categories":[29,235],"tags":[],"class_list":["post-140181","post","type-post","status-publish","format-standard","has-post-thumbnail","hentry","category-actualites","category-international"],"yoast_head":"<!-- This site is optimized with the Yoast SEO Premium plugin v24.9 (Yoast SEO v24.9) - https:\/\/yoast.com\/wordpress\/plugins\/seo\/ -->\n<title>1330 migrants sont d\u00e9c\u00e9d\u00e9s en m\u00e9diterran\u00e9e centrale en 2025 - L&#039;expert Journal<\/title>\n<meta name=\"robots\" content=\"index, follow, max-snippet:-1, max-image-preview:large, max-video-preview:-1\" \/>\n<link rel=\"canonical\" href=\"https:\/\/lexpertjournal.net\/fr\/?p=140181\" \/>\n<meta property=\"og:locale\" content=\"fr_FR\" \/>\n<meta property=\"og:type\" content=\"article\" \/>\n<meta property=\"og:title\" content=\"1330 migrants sont d\u00e9c\u00e9d\u00e9s en m\u00e9diterran\u00e9e centrale en 2025\" \/>\n<meta property=\"og:description\" content=\"Le 21 Avril dernier l\u2019Organisation Internationale pour les Migrants a publi\u00e9 un rapport intitul\u00e9 \u00abrapport intitul\u00e9 Aper\u00e7u mondial des voies migratoires 2025\u00a0\u00bb. La Tunisie est concern\u00e9e par ce rapport puisque nous sommes devenus depuis des ann\u00e9es un des passages vers l\u2019Europe. Ce rapport r\u00e9v\u00e8le aussi que le plus grand nombre de d\u00e9c\u00e8s de migrants en [&hellip;]\" \/>\n<meta property=\"og:url\" content=\"https:\/\/lexpertjournal.net\/fr\/?p=140181\" \/>\n<meta property=\"og:site_name\" content=\"L&#039;expert Journal\" \/>\n<meta property=\"article:publisher\" content=\"https:\/\/www.facebook.com\/Samya.Ayari.tn\" \/>\n<meta property=\"article:published_time\" content=\"2026-04-26T07:16:34+00:00\" \/>\n<meta property=\"og:image\" content=\"https:\/\/lexpertjournal.net\/fr\/wp-content\/uploads\/2026\/04\/20260421114133076.jpg\" \/>\n\t<meta property=\"og:image:width\" content=\"1024\" \/>\n\t<meta property=\"og:image:height\" content=\"768\" \/>\n\t<meta property=\"og:image:type\" content=\"image\/jpeg\" \/>\n<meta name=\"author\" content=\"Lexpert\" \/>\n<meta name=\"twitter:card\" content=\"summary_large_image\" \/>\n<meta name=\"twitter:label1\" content=\"\u00c9crit par\" \/>\n\t<meta name=\"twitter:data1\" content=\"Lexpert\" \/>\n\t<meta name=\"twitter:label2\" content=\"Dur\u00e9e de lecture estim\u00e9e\" \/>\n\t<meta name=\"twitter:data2\" content=\"3 minutes\" \/>\n<script type=\"application\/ld+json\" class=\"yoast-schema-graph\">{\"@context\":\"https:\/\/schema.org\",\"@graph\":[{\"@type\":\"Article\",\"@id\":\"https:\/\/lexpertjournal.net\/fr\/?p=140181#article\",\"isPartOf\":{\"@id\":\"https:\/\/lexpertjournal.net\/fr\/?p=140181\"},\"author\":{\"name\":\"Lexpert\",\"@id\":\"https:\/\/lexpertjournal.net\/fr\/#\/schema\/person\/65d2c89a6ae700ca94d3873874b3ae31\"},\"headline\":\"1330 migrants sont d\u00e9c\u00e9d\u00e9s en m\u00e9diterran\u00e9e centrale en 2025\",\"datePublished\":\"2026-04-26T07:16:34+00:00\",\"mainEntityOfPage\":{\"@id\":\"https:\/\/lexpertjournal.net\/fr\/?p=140181\"},\"wordCount\":503,\"publisher\":{\"@id\":\"https:\/\/lexpertjournal.net\/fr\/#organization\"},\"image\":{\"@id\":\"https:\/\/lexpertjournal.net\/fr\/?p=140181#primaryimage\"},\"thumbnailUrl\":\"https:\/\/lexpertjournal.net\/fr\/wp-content\/uploads\/2026\/04\/20260421114133076.jpg\",\"articleSection\":[\"Actualit\u00e9s\",\"International\"],\"inLanguage\":\"fr-FR\"},{\"@type\":\"WebPage\",\"@id\":\"https:\/\/lexpertjournal.net\/fr\/?p=140181\",\"url\":\"https:\/\/lexpertjournal.net\/fr\/?p=140181\",\"name\":\"1330 migrants sont d\u00e9c\u00e9d\u00e9s en m\u00e9diterran\u00e9e centrale en 2025 - L&#039;expert Journal\",\"isPartOf\":{\"@id\":\"https:\/\/lexpertjournal.net\/fr\/#website\"},\"primaryImageOfPage\":{\"@id\":\"https:\/\/lexpertjournal.net\/fr\/?p=140181#primaryimage\"},\"image\":{\"@id\":\"https:\/\/lexpertjournal.net\/fr\/?p=140181#primaryimage\"},\"thumbnailUrl\":\"https:\/\/lexpertjournal.net\/fr\/wp-content\/uploads\/2026\/04\/20260421114133076.jpg\",\"datePublished\":\"2026-04-26T07:16:34+00:00\",\"breadcrumb\":{\"@id\":\"https:\/\/lexpertjournal.net\/fr\/?p=140181#breadcrumb\"},\"inLanguage\":\"fr-FR\",\"potentialAction\":[{\"@type\":\"ReadAction\",\"target\":[\"https:\/\/lexpertjournal.net\/fr\/?p=140181\"]}]},{\"@type\":\"ImageObject\",\"inLanguage\":\"fr-FR\",\"@id\":\"https:\/\/lexpertjournal.net\/fr\/?p=140181#primaryimage\",\"url\":\"https:\/\/lexpertjournal.net\/fr\/wp-content\/uploads\/2026\/04\/20260421114133076.jpg\",\"contentUrl\":\"https:\/\/lexpertjournal.net\/fr\/wp-content\/uploads\/2026\/04\/20260421114133076.jpg\",\"width\":1024,\"height\":768,\"caption\":\"\\\"Les pr\u00e8s de 8000 d\u00e9c\u00e8s enregistr\u00e9s en 2025 marquent la poursuite et l'aggravation d'un \u00e9chec mondial \u00e0 mettre fin \u00e0 ces d\u00e9c\u00e8s \u00e9vitables\\\", selon l'OIM (archives).\"},{\"@type\":\"BreadcrumbList\",\"@id\":\"https:\/\/lexpertjournal.net\/fr\/?p=140181#breadcrumb\",\"itemListElement\":[{\"@type\":\"ListItem\",\"position\":1,\"name\":\"Accueil\",\"item\":\"https:\/\/lexpertjournal.net\/fr\/\"},{\"@type\":\"ListItem\",\"position\":2,\"name\":\"1330 migrants sont d\u00e9c\u00e9d\u00e9s en m\u00e9diterran\u00e9e centrale en 2025\"}]},{\"@type\":\"WebSite\",\"@id\":\"https:\/\/lexpertjournal.net\/fr\/#website\",\"url\":\"https:\/\/lexpertjournal.net\/fr\/\",\"name\":\"L'expert Journal\",\"description\":\"\",\"publisher\":{\"@id\":\"https:\/\/lexpertjournal.net\/fr\/#organization\"},\"potentialAction\":[{\"@type\":\"SearchAction\",\"target\":{\"@type\":\"EntryPoint\",\"urlTemplate\":\"https:\/\/lexpertjournal.net\/fr\/?s={search_term_string}\"},\"query-input\":{\"@type\":\"PropertyValueSpecification\",\"valueRequired\":true,\"valueName\":\"search_term_string\"}}],\"inLanguage\":\"fr-FR\"},{\"@type\":\"Organization\",\"@id\":\"https:\/\/lexpertjournal.net\/fr\/#organization\",\"name\":\"L'expert Journal\",\"url\":\"https:\/\/lexpertjournal.net\/fr\/\",\"logo\":{\"@type\":\"ImageObject\",\"inLanguage\":\"fr-FR\",\"@id\":\"https:\/\/lexpertjournal.net\/fr\/#\/schema\/logo\/image\/\",\"url\":\"https:\/\/lexpertjournal.net\/fr\/wp-content\/uploads\/2025\/04\/Capture_d_ecran_2025-04-13_a_17.47.13-removebg-preview-1.png\",\"contentUrl\":\"https:\/\/lexpertjournal.net\/fr\/wp-content\/uploads\/2025\/04\/Capture_d_ecran_2025-04-13_a_17.47.13-removebg-preview-1.png\",\"width\":644,\"height\":154,\"caption\":\"L'expert Journal\"},\"image\":{\"@id\":\"https:\/\/lexpertjournal.net\/fr\/#\/schema\/logo\/image\/\"},\"sameAs\":[\"https:\/\/www.facebook.com\/Samya.Ayari.tn\"]},{\"@type\":\"Person\",\"@id\":\"https:\/\/lexpertjournal.net\/fr\/#\/schema\/person\/65d2c89a6ae700ca94d3873874b3ae31\",\"name\":\"Lexpert\",\"image\":{\"@type\":\"ImageObject\",\"inLanguage\":\"fr-FR\",\"@id\":\"https:\/\/lexpertjournal.net\/fr\/#\/schema\/person\/image\/\",\"url\":\"https:\/\/secure.gravatar.com\/avatar\/ffaa3deee382c43b9d0589b4c2636abaab84b89c93fe74bbcf69c13082bb48fc?s=96&d=mm&r=g\",\"contentUrl\":\"https:\/\/secure.gravatar.com\/avatar\/ffaa3deee382c43b9d0589b4c2636abaab84b89c93fe74bbcf69c13082bb48fc?s=96&d=mm&r=g\",\"caption\":\"Lexpert\"},\"url\":\"https:\/\/lexpertjournal.net\/fr\/?author=2\"}]}<\/script>\n<!-- \/ Yoast SEO Premium plugin. -->","yoast_head_json":{"title":"1330 migrants sont d\u00e9c\u00e9d\u00e9s en m\u00e9diterran\u00e9e centrale en 2025 - L&#039;expert Journal","robots":{"index":"index","follow":"follow","max-snippet":"max-snippet:-1","max-image-preview":"max-image-preview:large","max-video-preview":"max-video-preview:-1"},"canonical":"https:\/\/lexpertjournal.net\/fr\/?p=140181","og_locale":"fr_FR","og_type":"article","og_title":"1330 migrants sont d\u00e9c\u00e9d\u00e9s en m\u00e9diterran\u00e9e centrale en 2025","og_description":"Le 21 Avril dernier l\u2019Organisation Internationale pour les Migrants a publi\u00e9 un rapport intitul\u00e9 \u00abrapport intitul\u00e9 Aper\u00e7u mondial des voies migratoires 2025\u00a0\u00bb. La Tunisie est concern\u00e9e par ce rapport puisque nous sommes devenus depuis des ann\u00e9es un des passages vers l\u2019Europe. Ce rapport r\u00e9v\u00e8le aussi que le plus grand nombre de d\u00e9c\u00e8s de migrants en [&hellip;]","og_url":"https:\/\/lexpertjournal.net\/fr\/?p=140181","og_site_name":"L&#039;expert Journal","article_publisher":"https:\/\/www.facebook.com\/Samya.Ayari.tn","article_published_time":"2026-04-26T07:16:34+00:00","og_image":[{"width":1024,"height":768,"url":"https:\/\/lexpertjournal.net\/fr\/wp-content\/uploads\/2026\/04\/20260421114133076.jpg","type":"image\/jpeg"}],"author":"Lexpert","twitter_card":"summary_large_image","twitter_misc":{"\u00c9crit par":"Lexpert","Dur\u00e9e de lecture estim\u00e9e":"3 minutes"},"schema":{"@context":"https:\/\/schema.org","@graph":[{"@type":"Article","@id":"https:\/\/lexpertjournal.net\/fr\/?p=140181#article","isPartOf":{"@id":"https:\/\/lexpertjournal.net\/fr\/?p=140181"},"author":{"name":"Lexpert","@id":"https:\/\/lexpertjournal.net\/fr\/#\/schema\/person\/65d2c89a6ae700ca94d3873874b3ae31"},"headline":"1330 migrants sont d\u00e9c\u00e9d\u00e9s en m\u00e9diterran\u00e9e centrale en 2025","datePublished":"2026-04-26T07:16:34+00:00","mainEntityOfPage":{"@id":"https:\/\/lexpertjournal.net\/fr\/?p=140181"},"wordCount":503,"publisher":{"@id":"https:\/\/lexpertjournal.net\/fr\/#organization"},"image":{"@id":"https:\/\/lexpertjournal.net\/fr\/?p=140181#primaryimage"},"thumbnailUrl":"https:\/\/lexpertjournal.net\/fr\/wp-content\/uploads\/2026\/04\/20260421114133076.jpg","articleSection":["Actualit\u00e9s","International"],"inLanguage":"fr-FR"},{"@type":"WebPage","@id":"https:\/\/lexpertjournal.net\/fr\/?p=140181","url":"https:\/\/lexpertjournal.net\/fr\/?p=140181","name":"1330 migrants sont d\u00e9c\u00e9d\u00e9s en m\u00e9diterran\u00e9e centrale en 2025 - L&#039;expert Journal","isPartOf":{"@id":"https:\/\/lexpertjournal.net\/fr\/#website"},"primaryImageOfPage":{"@id":"https:\/\/lexpertjournal.net\/fr\/?p=140181#primaryimage"},"image":{"@id":"https:\/\/lexpertjournal.net\/fr\/?p=140181#primaryimage"},"thumbnailUrl":"https:\/\/lexpertjournal.net\/fr\/wp-content\/uploads\/2026\/04\/20260421114133076.jpg","datePublished":"2026-04-26T07:16:34+00:00","breadcrumb":{"@id":"https:\/\/lexpertjournal.net\/fr\/?p=140181#breadcrumb"},"inLanguage":"fr-FR","potentialAction":[{"@type":"ReadAction","target":["https:\/\/lexpertjournal.net\/fr\/?p=140181"]}]},{"@type":"ImageObject","inLanguage":"fr-FR","@id":"https:\/\/lexpertjournal.net\/fr\/?p=140181#primaryimage","url":"https:\/\/lexpertjournal.net\/fr\/wp-content\/uploads\/2026\/04\/20260421114133076.jpg","contentUrl":"https:\/\/lexpertjournal.net\/fr\/wp-content\/uploads\/2026\/04\/20260421114133076.jpg","width":1024,"height":768,"caption":"\"Les pr\u00e8s de 8000 d\u00e9c\u00e8s enregistr\u00e9s en 2025 marquent la poursuite et l'aggravation d'un \u00e9chec mondial \u00e0 mettre fin \u00e0 ces d\u00e9c\u00e8s \u00e9vitables\", selon l'OIM (archives)."},{"@type":"BreadcrumbList","@id":"https:\/\/lexpertjournal.net\/fr\/?p=140181#breadcrumb","itemListElement":[{"@type":"ListItem","position":1,"name":"Accueil","item":"https:\/\/lexpertjournal.net\/fr\/"},{"@type":"ListItem","position":2,"name":"1330 migrants sont d\u00e9c\u00e9d\u00e9s en m\u00e9diterran\u00e9e centrale en 2025"}]},{"@type":"WebSite","@id":"https:\/\/lexpertjournal.net\/fr\/#website","url":"https:\/\/lexpertjournal.net\/fr\/","name":"L'expert Journal","description":"","publisher":{"@id":"https:\/\/lexpertjournal.net\/fr\/#organization"},"potentialAction":[{"@type":"SearchAction","target":{"@type":"EntryPoint","urlTemplate":"https:\/\/lexpertjournal.net\/fr\/?s={search_term_string}"},"query-input":{"@type":"PropertyValueSpecification","valueRequired":true,"valueName":"search_term_string"}}],"inLanguage":"fr-FR"},{"@type":"Organization","@id":"https:\/\/lexpertjournal.net\/fr\/#organization","name":"L'expert Journal","url":"https:\/\/lexpertjournal.net\/fr\/","logo":{"@type":"ImageObject","inLanguage":"fr-FR","@id":"https:\/\/lexpertjournal.net\/fr\/#\/schema\/logo\/image\/","url":"https:\/\/lexpertjournal.net\/fr\/wp-content\/uploads\/2025\/04\/Capture_d_ecran_2025-04-13_a_17.47.13-removebg-preview-1.png","contentUrl":"https:\/\/lexpertjournal.net\/fr\/wp-content\/uploads\/2025\/04\/Capture_d_ecran_2025-04-13_a_17.47.13-removebg-preview-1.png","width":644,"height":154,"caption":"L'expert Journal"},"image":{"@id":"https:\/\/lexpertjournal.net\/fr\/#\/schema\/logo\/image\/"},"sameAs":["https:\/\/www.facebook.com\/Samya.Ayari.tn"]},{"@type":"Person","@id":"https:\/\/lexpertjournal.net\/fr\/#\/schema\/person\/65d2c89a6ae700ca94d3873874b3ae31","name":"Lexpert","image":{"@type":"ImageObject","inLanguage":"fr-FR","@id":"https:\/\/lexpertjournal.net\/fr\/#\/schema\/person\/image\/","url":"https:\/\/secure.gravatar.com\/avatar\/ffaa3deee382c43b9d0589b4c2636abaab84b89c93fe74bbcf69c13082bb48fc?s=96&d=mm&r=g","contentUrl":"https:\/\/secure.gravatar.com\/avatar\/ffaa3deee382c43b9d0589b4c2636abaab84b89c93fe74bbcf69c13082bb48fc?s=96&d=mm&r=g","caption":"Lexpert"},"url":"https:\/\/lexpertjournal.net\/fr\/?author=2"}]}},"_links":{"self":[{"href":"https:\/\/lexpertjournal.net\/fr\/index.php?rest_route=\/wp\/v2\/posts\/140181","targetHints":{"allow":["GET"]}}],"collection":[{"href":"https:\/\/lexpertjournal.net\/fr\/index.php?rest_route=\/wp\/v2\/posts"}],"about":[{"href":"https:\/\/lexpertjournal.net\/fr\/index.php?rest_route=\/wp\/v2\/types\/post"}],"author":[{"embeddable":true,"href":"https:\/\/lexpertjournal.net\/fr\/index.php?rest_route=\/wp\/v2\/users\/2"}],"replies":[{"embeddable":true,"href":"https:\/\/lexpertjournal.net\/fr\/index.php?rest_route=%2Fwp%2Fv2%2Fcomments&post=140181"}],"version-history":[{"count":1,"href":"https:\/\/lexpertjournal.net\/fr\/index.php?rest_route=\/wp\/v2\/posts\/140181\/revisions"}],"predecessor-version":[{"id":140184,"href":"https:\/\/lexpertjournal.net\/fr\/index.php?rest_route=\/wp\/v2\/posts\/140181\/revisions\/140184"}],"wp:featuredmedia":[{"embeddable":true,"href":"https:\/\/lexpertjournal.net\/fr\/index.php?rest_route=\/wp\/v2\/media\/140183"}],"wp:attachment":[{"href":"https:\/\/lexpertjournal.net\/fr\/index.php?rest_route=%2Fwp%2Fv2%2Fmedia&parent=140181"}],"wp:term":[{"taxonomy":"category","embeddable":true,"href":"https:\/\/lexpertjournal.net\/fr\/index.php?rest_route=%2Fwp%2Fv2%2Fcategories&post=140181"},{"taxonomy":"post_tag","embeddable":true,"href":"https:\/\/lexpertjournal.net\/fr\/index.php?rest_route=%2Fwp%2Fv2%2Ftags&post=140181"}],"curies":[{"name":"wp","href":"https:\/\/api.w.org\/{rel}","templated":true}]}}