{"id":140178,"date":"2026-04-26T09:12:58","date_gmt":"2026-04-26T07:12:58","guid":{"rendered":"https:\/\/lexpertjournal.net\/fr\/?p=140178"},"modified":"2026-04-26T09:12:58","modified_gmt":"2026-04-26T07:12:58","slug":"fao-omm-lagriculture-mondiale-est-menacee-par-la-chaleur-extreme","status":"publish","type":"post","link":"https:\/\/lexpertjournal.net\/fr\/?p=140178","title":{"rendered":"FAO-OMM : l\u2019agriculture mondiale est menac\u00e9e par la chaleur extr\u00eame"},"content":{"rendered":"<p>Un rapport conjoint entre l\u2019Organisation des Nations Unies pour l\u2019alimentation et l\u2019agriculture (FAO) et de l\u2019Organisation m\u00e9t\u00e9orologique mondiale (OMM) sous le titre \u00abChaleur extr\u00eame et agriculture\u00bb\u00a0 a alert\u00e9 sur l\u2019impact des \u00e9pisodes de chaleur sur le syst\u00e8me alimentaire mondial. En effet, la fr\u00e9quence, l\u2019intensit\u00e9 et la dur\u00e9e des \u00e9pisodes de chaleur extr\u00eame ont fortement augment\u00e9 au cours des cinquante derni\u00e8res ann\u00e9es, et les risques pour les syst\u00e8mes agroalimentaires et les \u00e9cosyst\u00e8mes devraient s\u2019accro\u00eetre consid\u00e9rablement \u00e0 l\u2019avenir.<\/p>\n<p>Les vagues de chaleur extr\u00eame s\u2019imposent comme une menace massive. Elles mettent en danger plus d\u2019un milliard de personnes en affectant leurs revenus, leur sant\u00e9 et leur travail, et frappent de plein fouet cultures, \u00e9levages et ressources halieutiques.<\/p>\n<p>Pour la plupart des grandes cultures agricoles, les baisses de rendement commencent \u00e0 se produire au-del\u00e0 de 30 \u00b0C, et \u00e0 une temp\u00e9rature l\u00e9g\u00e8rement inf\u00e9rieure pour certaines cultures comme la pomme de terre et l\u2019orge. Il ressort des donn\u00e9es disponibles qu\u2019il existe une corr\u00e9lation \u00e9troite entre les vagues de chaleur et les feux de for\u00eat, avec des saisons d\u2019incendies plus longues et plus intenses.<\/p>\n<p>La chaleur extr\u00eame a aussi pour effet d\u2019acc\u00e9l\u00e9rer la d\u00e9t\u00e9rioration des produits apr\u00e8s la r\u00e9colte, le stress thermique devenant ainsi synonyme de perte de revenus et de malnutrition. Selon les estimations,\u00a0<a href=\"https:\/\/openknowledge.fao.org\/server\/api\/core\/bitstreams\/cf42e3c6-157e-4ea9-8873-8b3cc9242b96\/content\">526\u00a0millions de tonnes<\/a>\u00a0de denr\u00e9es alimentaires, soit environ 12% de la production mondiale, sont perdues ou gaspill\u00e9es en raison d\u2019une r\u00e9frig\u00e9ration insuffisante, une situation qu\u2019aggravent les vagues de chaleur.<\/p>\n<p>Pour les esp\u00e8ces d\u2019\u00e9levage les plus courantes, le stress commence au-del\u00e0 de 25 \u00b0C, et \u00e0 une temp\u00e9rature l\u00e9g\u00e8rement inf\u00e9rieure pour les poulets et les porcs, qui ne peuvent pas se refroidir par la transpiration.<\/p>\n<p>&nbsp;<\/p>\n<p><strong>Protection des producteurs<\/strong><\/p>\n<p>Aujourd\u2019hui, la chaleur extr\u00eame constitue l\u2019une des menaces les plus graves pour la sant\u00e9 des agriculteurs, car elle favorise la d\u00e9shydratation, les l\u00e9sions r\u00e9nales et les maladies chroniques, mettant \u00e0 rude \u00e9preuve les syst\u00e8mes de sant\u00e9 publique. Plus d\u2019un tiers de la main-d\u2019\u0153uvre mondiale, soit environ 1,2\u00a0milliard de personnes, est expos\u00e9e chaque ann\u00e9e \u00e0 des risques li\u00e9s \u00e0 la chaleur sur le lieu de travail, l\u2019agriculture figurant parmi les secteurs les plus touch\u00e9s.<\/p>\n<p>Selon le rapport de la FAO et de l\u2019OMM, le nombre de jours par an o\u00f9 il fait tout simplement trop chaud pour travailler pourrait atteindre 250 dans une grande partie de l\u2019Asie du Sud, de l\u2019Afrique subsaharienne tropicale, ainsi que dans certaines r\u00e9gions d\u2019Am\u00e9rique centrale et d\u2019Am\u00e9rique du Sud.<\/p>\n<p>Source\u00a0: FAO-OMM<\/p>\n","protected":false},"excerpt":{"rendered":"<p>Un rapport conjoint entre l\u2019Organisation des Nations Unies pour l\u2019alimentation et l\u2019agriculture (FAO) et de l\u2019Organisation m\u00e9t\u00e9orologique mondiale (OMM) sous le titre \u00abChaleur extr\u00eame et agriculture\u00bb\u00a0 a alert\u00e9 sur l\u2019impact des \u00e9pisodes de chaleur sur le syst\u00e8me alimentaire mondial. En effet, la fr\u00e9quence, l\u2019intensit\u00e9 et la dur\u00e9e des \u00e9pisodes de chaleur extr\u00eame ont fortement augment\u00e9 [&hellip;]<\/p>\n","protected":false},"author":2,"featured_media":140179,"comment_status":"closed","ping_status":"closed","sticky":false,"template":"","format":"standard","meta":{"footnotes":""},"categories":[29],"tags":[],"class_list":["post-140178","post","type-post","status-publish","format-standard","has-post-thumbnail","hentry","category-actualites"],"yoast_head":"<!-- This site is optimized with the Yoast SEO Premium plugin v24.9 (Yoast SEO v24.9) - https:\/\/yoast.com\/wordpress\/plugins\/seo\/ -->\n<title>FAO-OMM : l\u2019agriculture mondiale est menac\u00e9e par la chaleur extr\u00eame - L&#039;expert Journal<\/title>\n<meta name=\"robots\" content=\"index, follow, max-snippet:-1, max-image-preview:large, max-video-preview:-1\" \/>\n<link rel=\"canonical\" href=\"https:\/\/lexpertjournal.net\/fr\/?p=140178\" \/>\n<meta property=\"og:locale\" content=\"fr_FR\" \/>\n<meta property=\"og:type\" content=\"article\" \/>\n<meta property=\"og:title\" content=\"FAO-OMM : l\u2019agriculture mondiale est menac\u00e9e par la chaleur extr\u00eame\" \/>\n<meta property=\"og:description\" content=\"Un rapport conjoint entre l\u2019Organisation des Nations Unies pour l\u2019alimentation et l\u2019agriculture (FAO) et de l\u2019Organisation m\u00e9t\u00e9orologique mondiale (OMM) sous le titre \u00abChaleur extr\u00eame et agriculture\u00bb\u00a0 a alert\u00e9 sur l\u2019impact des \u00e9pisodes de chaleur sur le syst\u00e8me alimentaire mondial. En effet, la fr\u00e9quence, l\u2019intensit\u00e9 et la dur\u00e9e des \u00e9pisodes de chaleur extr\u00eame ont fortement augment\u00e9 [&hellip;]\" \/>\n<meta property=\"og:url\" content=\"https:\/\/lexpertjournal.net\/fr\/?p=140178\" \/>\n<meta property=\"og:site_name\" content=\"L&#039;expert Journal\" \/>\n<meta property=\"article:publisher\" content=\"https:\/\/www.facebook.com\/Samya.Ayari.tn\" \/>\n<meta property=\"article:published_time\" content=\"2026-04-26T07:12:58+00:00\" \/>\n<meta property=\"og:image\" content=\"https:\/\/lexpertjournal.net\/fr\/wp-content\/uploads\/2026\/04\/FAO.jpg\" \/>\n\t<meta property=\"og:image:width\" content=\"1200\" \/>\n\t<meta property=\"og:image:height\" content=\"600\" \/>\n\t<meta property=\"og:image:type\" content=\"image\/jpeg\" \/>\n<meta name=\"author\" content=\"Lexpert\" \/>\n<meta name=\"twitter:card\" content=\"summary_large_image\" \/>\n<meta name=\"twitter:label1\" content=\"\u00c9crit par\" \/>\n\t<meta name=\"twitter:data1\" content=\"Lexpert\" \/>\n\t<meta name=\"twitter:label2\" content=\"Dur\u00e9e de lecture estim\u00e9e\" \/>\n\t<meta name=\"twitter:data2\" content=\"3 minutes\" \/>\n<script type=\"application\/ld+json\" class=\"yoast-schema-graph\">{\"@context\":\"https:\/\/schema.org\",\"@graph\":[{\"@type\":\"Article\",\"@id\":\"https:\/\/lexpertjournal.net\/fr\/?p=140178#article\",\"isPartOf\":{\"@id\":\"https:\/\/lexpertjournal.net\/fr\/?p=140178\"},\"author\":{\"name\":\"Lexpert\",\"@id\":\"https:\/\/lexpertjournal.net\/fr\/#\/schema\/person\/65d2c89a6ae700ca94d3873874b3ae31\"},\"headline\":\"FAO-OMM : l\u2019agriculture mondiale est menac\u00e9e par la chaleur extr\u00eame\",\"datePublished\":\"2026-04-26T07:12:58+00:00\",\"mainEntityOfPage\":{\"@id\":\"https:\/\/lexpertjournal.net\/fr\/?p=140178\"},\"wordCount\":479,\"publisher\":{\"@id\":\"https:\/\/lexpertjournal.net\/fr\/#organization\"},\"image\":{\"@id\":\"https:\/\/lexpertjournal.net\/fr\/?p=140178#primaryimage\"},\"thumbnailUrl\":\"https:\/\/lexpertjournal.net\/fr\/wp-content\/uploads\/2026\/04\/FAO.jpg\",\"articleSection\":[\"Actualit\u00e9s\"],\"inLanguage\":\"fr-FR\"},{\"@type\":\"WebPage\",\"@id\":\"https:\/\/lexpertjournal.net\/fr\/?p=140178\",\"url\":\"https:\/\/lexpertjournal.net\/fr\/?p=140178\",\"name\":\"FAO-OMM : l\u2019agriculture mondiale est menac\u00e9e par la chaleur extr\u00eame - L&#039;expert Journal\",\"isPartOf\":{\"@id\":\"https:\/\/lexpertjournal.net\/fr\/#website\"},\"primaryImageOfPage\":{\"@id\":\"https:\/\/lexpertjournal.net\/fr\/?p=140178#primaryimage\"},\"image\":{\"@id\":\"https:\/\/lexpertjournal.net\/fr\/?p=140178#primaryimage\"},\"thumbnailUrl\":\"https:\/\/lexpertjournal.net\/fr\/wp-content\/uploads\/2026\/04\/FAO.jpg\",\"datePublished\":\"2026-04-26T07:12:58+00:00\",\"breadcrumb\":{\"@id\":\"https:\/\/lexpertjournal.net\/fr\/?p=140178#breadcrumb\"},\"inLanguage\":\"fr-FR\",\"potentialAction\":[{\"@type\":\"ReadAction\",\"target\":[\"https:\/\/lexpertjournal.net\/fr\/?p=140178\"]}]},{\"@type\":\"ImageObject\",\"inLanguage\":\"fr-FR\",\"@id\":\"https:\/\/lexpertjournal.net\/fr\/?p=140178#primaryimage\",\"url\":\"https:\/\/lexpertjournal.net\/fr\/wp-content\/uploads\/2026\/04\/FAO.jpg\",\"contentUrl\":\"https:\/\/lexpertjournal.net\/fr\/wp-content\/uploads\/2026\/04\/FAO.jpg\",\"width\":1200,\"height\":600},{\"@type\":\"BreadcrumbList\",\"@id\":\"https:\/\/lexpertjournal.net\/fr\/?p=140178#breadcrumb\",\"itemListElement\":[{\"@type\":\"ListItem\",\"position\":1,\"name\":\"Accueil\",\"item\":\"https:\/\/lexpertjournal.net\/fr\/\"},{\"@type\":\"ListItem\",\"position\":2,\"name\":\"FAO-OMM : l\u2019agriculture mondiale est menac\u00e9e par la chaleur extr\u00eame\"}]},{\"@type\":\"WebSite\",\"@id\":\"https:\/\/lexpertjournal.net\/fr\/#website\",\"url\":\"https:\/\/lexpertjournal.net\/fr\/\",\"name\":\"L'expert Journal\",\"description\":\"\",\"publisher\":{\"@id\":\"https:\/\/lexpertjournal.net\/fr\/#organization\"},\"potentialAction\":[{\"@type\":\"SearchAction\",\"target\":{\"@type\":\"EntryPoint\",\"urlTemplate\":\"https:\/\/lexpertjournal.net\/fr\/?s={search_term_string}\"},\"query-input\":{\"@type\":\"PropertyValueSpecification\",\"valueRequired\":true,\"valueName\":\"search_term_string\"}}],\"inLanguage\":\"fr-FR\"},{\"@type\":\"Organization\",\"@id\":\"https:\/\/lexpertjournal.net\/fr\/#organization\",\"name\":\"L'expert Journal\",\"url\":\"https:\/\/lexpertjournal.net\/fr\/\",\"logo\":{\"@type\":\"ImageObject\",\"inLanguage\":\"fr-FR\",\"@id\":\"https:\/\/lexpertjournal.net\/fr\/#\/schema\/logo\/image\/\",\"url\":\"https:\/\/lexpertjournal.net\/fr\/wp-content\/uploads\/2025\/04\/Capture_d_ecran_2025-04-13_a_17.47.13-removebg-preview-1.png\",\"contentUrl\":\"https:\/\/lexpertjournal.net\/fr\/wp-content\/uploads\/2025\/04\/Capture_d_ecran_2025-04-13_a_17.47.13-removebg-preview-1.png\",\"width\":644,\"height\":154,\"caption\":\"L'expert Journal\"},\"image\":{\"@id\":\"https:\/\/lexpertjournal.net\/fr\/#\/schema\/logo\/image\/\"},\"sameAs\":[\"https:\/\/www.facebook.com\/Samya.Ayari.tn\"]},{\"@type\":\"Person\",\"@id\":\"https:\/\/lexpertjournal.net\/fr\/#\/schema\/person\/65d2c89a6ae700ca94d3873874b3ae31\",\"name\":\"Lexpert\",\"image\":{\"@type\":\"ImageObject\",\"inLanguage\":\"fr-FR\",\"@id\":\"https:\/\/lexpertjournal.net\/fr\/#\/schema\/person\/image\/\",\"url\":\"https:\/\/secure.gravatar.com\/avatar\/ffaa3deee382c43b9d0589b4c2636abaab84b89c93fe74bbcf69c13082bb48fc?s=96&d=mm&r=g\",\"contentUrl\":\"https:\/\/secure.gravatar.com\/avatar\/ffaa3deee382c43b9d0589b4c2636abaab84b89c93fe74bbcf69c13082bb48fc?s=96&d=mm&r=g\",\"caption\":\"Lexpert\"},\"url\":\"https:\/\/lexpertjournal.net\/fr\/?author=2\"}]}<\/script>\n<!-- \/ Yoast SEO Premium plugin. -->","yoast_head_json":{"title":"FAO-OMM : l\u2019agriculture mondiale est menac\u00e9e par la chaleur extr\u00eame - L&#039;expert Journal","robots":{"index":"index","follow":"follow","max-snippet":"max-snippet:-1","max-image-preview":"max-image-preview:large","max-video-preview":"max-video-preview:-1"},"canonical":"https:\/\/lexpertjournal.net\/fr\/?p=140178","og_locale":"fr_FR","og_type":"article","og_title":"FAO-OMM : l\u2019agriculture mondiale est menac\u00e9e par la chaleur extr\u00eame","og_description":"Un rapport conjoint entre l\u2019Organisation des Nations Unies pour l\u2019alimentation et l\u2019agriculture (FAO) et de l\u2019Organisation m\u00e9t\u00e9orologique mondiale (OMM) sous le titre \u00abChaleur extr\u00eame et agriculture\u00bb\u00a0 a alert\u00e9 sur l\u2019impact des \u00e9pisodes de chaleur sur le syst\u00e8me alimentaire mondial. En effet, la fr\u00e9quence, l\u2019intensit\u00e9 et la dur\u00e9e des \u00e9pisodes de chaleur extr\u00eame ont fortement augment\u00e9 [&hellip;]","og_url":"https:\/\/lexpertjournal.net\/fr\/?p=140178","og_site_name":"L&#039;expert Journal","article_publisher":"https:\/\/www.facebook.com\/Samya.Ayari.tn","article_published_time":"2026-04-26T07:12:58+00:00","og_image":[{"width":1200,"height":600,"url":"https:\/\/lexpertjournal.net\/fr\/wp-content\/uploads\/2026\/04\/FAO.jpg","type":"image\/jpeg"}],"author":"Lexpert","twitter_card":"summary_large_image","twitter_misc":{"\u00c9crit par":"Lexpert","Dur\u00e9e de lecture estim\u00e9e":"3 minutes"},"schema":{"@context":"https:\/\/schema.org","@graph":[{"@type":"Article","@id":"https:\/\/lexpertjournal.net\/fr\/?p=140178#article","isPartOf":{"@id":"https:\/\/lexpertjournal.net\/fr\/?p=140178"},"author":{"name":"Lexpert","@id":"https:\/\/lexpertjournal.net\/fr\/#\/schema\/person\/65d2c89a6ae700ca94d3873874b3ae31"},"headline":"FAO-OMM : l\u2019agriculture mondiale est menac\u00e9e par la chaleur extr\u00eame","datePublished":"2026-04-26T07:12:58+00:00","mainEntityOfPage":{"@id":"https:\/\/lexpertjournal.net\/fr\/?p=140178"},"wordCount":479,"publisher":{"@id":"https:\/\/lexpertjournal.net\/fr\/#organization"},"image":{"@id":"https:\/\/lexpertjournal.net\/fr\/?p=140178#primaryimage"},"thumbnailUrl":"https:\/\/lexpertjournal.net\/fr\/wp-content\/uploads\/2026\/04\/FAO.jpg","articleSection":["Actualit\u00e9s"],"inLanguage":"fr-FR"},{"@type":"WebPage","@id":"https:\/\/lexpertjournal.net\/fr\/?p=140178","url":"https:\/\/lexpertjournal.net\/fr\/?p=140178","name":"FAO-OMM : l\u2019agriculture mondiale est menac\u00e9e par la chaleur extr\u00eame - L&#039;expert Journal","isPartOf":{"@id":"https:\/\/lexpertjournal.net\/fr\/#website"},"primaryImageOfPage":{"@id":"https:\/\/lexpertjournal.net\/fr\/?p=140178#primaryimage"},"image":{"@id":"https:\/\/lexpertjournal.net\/fr\/?p=140178#primaryimage"},"thumbnailUrl":"https:\/\/lexpertjournal.net\/fr\/wp-content\/uploads\/2026\/04\/FAO.jpg","datePublished":"2026-04-26T07:12:58+00:00","breadcrumb":{"@id":"https:\/\/lexpertjournal.net\/fr\/?p=140178#breadcrumb"},"inLanguage":"fr-FR","potentialAction":[{"@type":"ReadAction","target":["https:\/\/lexpertjournal.net\/fr\/?p=140178"]}]},{"@type":"ImageObject","inLanguage":"fr-FR","@id":"https:\/\/lexpertjournal.net\/fr\/?p=140178#primaryimage","url":"https:\/\/lexpertjournal.net\/fr\/wp-content\/uploads\/2026\/04\/FAO.jpg","contentUrl":"https:\/\/lexpertjournal.net\/fr\/wp-content\/uploads\/2026\/04\/FAO.jpg","width":1200,"height":600},{"@type":"BreadcrumbList","@id":"https:\/\/lexpertjournal.net\/fr\/?p=140178#breadcrumb","itemListElement":[{"@type":"ListItem","position":1,"name":"Accueil","item":"https:\/\/lexpertjournal.net\/fr\/"},{"@type":"ListItem","position":2,"name":"FAO-OMM : l\u2019agriculture mondiale est menac\u00e9e par la chaleur extr\u00eame"}]},{"@type":"WebSite","@id":"https:\/\/lexpertjournal.net\/fr\/#website","url":"https:\/\/lexpertjournal.net\/fr\/","name":"L'expert Journal","description":"","publisher":{"@id":"https:\/\/lexpertjournal.net\/fr\/#organization"},"potentialAction":[{"@type":"SearchAction","target":{"@type":"EntryPoint","urlTemplate":"https:\/\/lexpertjournal.net\/fr\/?s={search_term_string}"},"query-input":{"@type":"PropertyValueSpecification","valueRequired":true,"valueName":"search_term_string"}}],"inLanguage":"fr-FR"},{"@type":"Organization","@id":"https:\/\/lexpertjournal.net\/fr\/#organization","name":"L'expert Journal","url":"https:\/\/lexpertjournal.net\/fr\/","logo":{"@type":"ImageObject","inLanguage":"fr-FR","@id":"https:\/\/lexpertjournal.net\/fr\/#\/schema\/logo\/image\/","url":"https:\/\/lexpertjournal.net\/fr\/wp-content\/uploads\/2025\/04\/Capture_d_ecran_2025-04-13_a_17.47.13-removebg-preview-1.png","contentUrl":"https:\/\/lexpertjournal.net\/fr\/wp-content\/uploads\/2025\/04\/Capture_d_ecran_2025-04-13_a_17.47.13-removebg-preview-1.png","width":644,"height":154,"caption":"L'expert Journal"},"image":{"@id":"https:\/\/lexpertjournal.net\/fr\/#\/schema\/logo\/image\/"},"sameAs":["https:\/\/www.facebook.com\/Samya.Ayari.tn"]},{"@type":"Person","@id":"https:\/\/lexpertjournal.net\/fr\/#\/schema\/person\/65d2c89a6ae700ca94d3873874b3ae31","name":"Lexpert","image":{"@type":"ImageObject","inLanguage":"fr-FR","@id":"https:\/\/lexpertjournal.net\/fr\/#\/schema\/person\/image\/","url":"https:\/\/secure.gravatar.com\/avatar\/ffaa3deee382c43b9d0589b4c2636abaab84b89c93fe74bbcf69c13082bb48fc?s=96&d=mm&r=g","contentUrl":"https:\/\/secure.gravatar.com\/avatar\/ffaa3deee382c43b9d0589b4c2636abaab84b89c93fe74bbcf69c13082bb48fc?s=96&d=mm&r=g","caption":"Lexpert"},"url":"https:\/\/lexpertjournal.net\/fr\/?author=2"}]}},"_links":{"self":[{"href":"https:\/\/lexpertjournal.net\/fr\/index.php?rest_route=\/wp\/v2\/posts\/140178","targetHints":{"allow":["GET"]}}],"collection":[{"href":"https:\/\/lexpertjournal.net\/fr\/index.php?rest_route=\/wp\/v2\/posts"}],"about":[{"href":"https:\/\/lexpertjournal.net\/fr\/index.php?rest_route=\/wp\/v2\/types\/post"}],"author":[{"embeddable":true,"href":"https:\/\/lexpertjournal.net\/fr\/index.php?rest_route=\/wp\/v2\/users\/2"}],"replies":[{"embeddable":true,"href":"https:\/\/lexpertjournal.net\/fr\/index.php?rest_route=%2Fwp%2Fv2%2Fcomments&post=140178"}],"version-history":[{"count":1,"href":"https:\/\/lexpertjournal.net\/fr\/index.php?rest_route=\/wp\/v2\/posts\/140178\/revisions"}],"predecessor-version":[{"id":140180,"href":"https:\/\/lexpertjournal.net\/fr\/index.php?rest_route=\/wp\/v2\/posts\/140178\/revisions\/140180"}],"wp:featuredmedia":[{"embeddable":true,"href":"https:\/\/lexpertjournal.net\/fr\/index.php?rest_route=\/wp\/v2\/media\/140179"}],"wp:attachment":[{"href":"https:\/\/lexpertjournal.net\/fr\/index.php?rest_route=%2Fwp%2Fv2%2Fmedia&parent=140178"}],"wp:term":[{"taxonomy":"category","embeddable":true,"href":"https:\/\/lexpertjournal.net\/fr\/index.php?rest_route=%2Fwp%2Fv2%2Fcategories&post=140178"},{"taxonomy":"post_tag","embeddable":true,"href":"https:\/\/lexpertjournal.net\/fr\/index.php?rest_route=%2Fwp%2Fv2%2Ftags&post=140178"}],"curies":[{"name":"wp","href":"https:\/\/api.w.org\/{rel}","templated":true}]}}