{"id":139073,"date":"2025-10-27T11:48:51","date_gmt":"2025-10-27T10:48:51","guid":{"rendered":"https:\/\/lexpertjournal.net\/fr\/?p=139073"},"modified":"2025-10-27T11:48:51","modified_gmt":"2025-10-27T10:48:51","slug":"les-cce-accompagnent-une-delegation-de-lutica-a-paris-pour-un-nouvel-elan-economique-et-industriel","status":"publish","type":"post","link":"https:\/\/lexpertjournal.net\/fr\/?p=139073","title":{"rendered":"Les CCE accompagnent une d\u00e9l\u00e9gation de l\u2019UTICA \u00e0  Paris : pour un nouvel \u00e9lan \u00e9conomique et industriel"},"content":{"rendered":"<p>&nbsp;<\/p>\n<p>&nbsp;<\/p>\n<p>franco-tunisien<\/p>\n<p>Paris, le 28 octobre 2025 \u2013 Une d\u00e9l\u00e9gation tunisienne de haut niveau conduite par M. Samir<\/p>\n<p>&nbsp;<\/p>\n<p>Majoul, Pr\u00e9sident de l&rsquo;UTICA, participera \u00e0 cette occasion aux Rencontres d&rsquo;Affaires Tunisie-France 2025, organis\u00e9es par Business France. Deux jours de rencontres et d&rsquo;\u00e9changes<\/p>\n<p>\u00e9conomiques de haut niveau plac\u00e9s sous le signe de la confiance, de l&rsquo;innovation et de la croissance partag\u00e9e.<\/p>\n<p>Un partenariat majeur, pilier de la coop\u00e9ration \u00e9conomique euro- m\u00e9diterran\u00e9enne<\/p>\n<p>&nbsp;<\/p>\n<p>Avec 11,5 milliards d&rsquo;euros d&rsquo;\u00e9changes commerciaux bilat\u00e9raux en 2024, 1 600 entreprises<\/p>\n<p>fran\u00e7aises implant\u00e9es en Tunisie et 168 000 emplois g\u00e9n\u00e9r\u00e9s, la France demeure le premier<\/p>\n<p>partenaire \u00e9conomique de la Tunisie. Les investissements directs fran\u00e7ais ont atteint 190<\/p>\n<p>millions d&rsquo;euros, soit pr\u00e8s de 30 % des IDE re\u00e7us par la Tunisie.<\/p>\n<p>Ce partenariat s&rsquo;appuie sur la comp\u00e9tence industrielle tunisienne, la qualit\u00e9 de sa formation<\/p>\n<p>technique et la dynamique d&rsquo;int\u00e9gration aux chaines de valeur fran\u00e7aises qui font de la<\/p>\n<p>Tunisie un hub de production et d&rsquo;innovation au service des \u00e9conomies des deux pays.<\/p>\n<p>&nbsp;<\/p>\n<p>Des investissements tunisiens en France en progression<\/p>\n<p>Fait marquant, la Tunisie s&rsquo;est impos\u00e9e en 2024 comme le premier investisseur africain en<\/p>\n<p>France, avec 18 projets ayant cr\u00e9\u00e9 plus de 240 emplois, notamment dans les secteurs du<\/p>\n<p>num\u00e9rique, de l&rsquo;agro-industrie et des \u00e9nergies renouvelables. Cette tendance confirme la<\/p>\n<p>mont\u00e9e en puissance d&rsquo;entreprises tunisiennes innovantes, capables d&rsquo;investir, de produire<\/p>\n<p>et de rayonner \u00e0 l&rsquo;international.<\/p>\n<p>&nbsp;<\/p>\n<p><strong>Un programme de rencontres de haut niveau<\/strong><\/p>\n<p>Sous la conduite de M. Samir Majoul, Pr\u00e9sident de l\u2019UTICA, et de M. Alexandre Ratle,<\/p>\n<p>Pr\u00e9sident de la Commission Sud-M\u00e9diterran\u00e9e des CCE et Pr\u00e9sident du Comit\u00e9 Tunisie des<\/p>\n<p>CCE, la d\u00e9l\u00e9gation UTICA b\u00e9n\u00e9ficie d&rsquo;un programme d&rsquo;exception.<\/p>\n<p>Le mardi 28 octobre sont organis\u00e9es les RENCONTRES D\u2019AFFAIRES TUNISIE FRANCE<\/p>\n<p>\u00e0 Business France en pr\u00e9sence de Anne Gueguen ambassadrice de France en Tunisie et Dhia<\/p>\n<p>Khaled Ambassadeur de Tunisie en France et d\u2019une multitude d\u2019op\u00e9rateurs \u00e9conomiques de<\/p>\n<p>premier plan.<\/p>\n<p>En soir\u00e9e, un d\u00eener en pr\u00e9sence de Nicolas Forissier, Ministre d\u00e9l\u00e9gu\u00e9 charg\u00e9 du Commerce<\/p>\n<p>ext\u00e9rieur et de l\u2019Attractivit\u00e9, est donn\u00e9, Place de la Concorde dans l\u2019h\u00f4tel particulier de<\/p>\n<p>l\u2019Automobile club de France, par les CCE et en pr\u00e9sence de sa Pr\u00e9sidente Sophie Sidos et de<\/p>\n<p>personnalit\u00e9s importantes du monde \u00e9conomique et institutionnel fran\u00e7ais.<\/p>\n<p>Matin\u00e9e du mercredi 29 octobre, visite du Valeo Mobility Tech Center au c\u0153ur des mobilit\u00e9s du<\/p>\n<p>futurs. Ce centre d\u2019innovation et de d\u00e9veloppement ax\u00e9 sur la mobilit\u00e9 connect\u00e9e, autonome et<\/p>\n<p>\u00e9lectrifi\u00e9e pr\u00e9sentera les \u00e9volutions technologiques de la voiture de demain.<\/p>\n<p>D\u00e9jeuner \u00e0 l\u2019Assembl\u00e9e nationale \u00e0 l\u2019invitation du D\u00e9put\u00e9 et Vice-Pr\u00e9sident du Groupe<\/p>\n<p>d\u2019amiti\u00e9 France Tunisie Karim Ben Cheikh, suivi d\u2019une session Questions au Gouvernement<\/p>\n<p>au sein de H\u00e9micycle de l\u2019Assembl\u00e9e, puis visite des magnifiques espaces priv\u00e9s du Palais Bourbon.<\/p>\n<p>&nbsp;<\/p>\n<p>D\u00e9clarations<\/p>\n<p>Samir Majoul, Pr\u00e9sident de l&rsquo;UTICA :<\/p>\n<p>\u00a0\u00bb Ces rencontres t\u00e9moignent de la profondeur et de la solidit\u00e9 du partenariat \u00e9conomique<\/p>\n<p>franco-tunisien. Nos entreprises sont des acteurs cl\u00e9s de l&rsquo;int\u00e9gration m\u00e9diterran\u00e9enne et cr\u00e9ent<\/p>\n<p>de la valeur des deux c\u00f4t\u00e9s de la M\u00e9diterran\u00e9e.\u00a0\u00bb<\/p>\n<p>&nbsp;<\/p>\n<p>Alexandre Ratle, Pr\u00e9sident de la Commission Sud-M\u00e9diterran\u00e9e des CCE :<\/p>\n<p>\u00ab\u00a0Les entreprises fran\u00e7aises sont engag\u00e9es en Tunisie depuis des d\u00e9cennies : elles investissent,<\/p>\n<p>innovent, forment et cr\u00e9ent de l&#8217;emploi. Ce partenariat d\u00e9passe la simple logique commerciale.<\/p>\n<p>Nous construisons ensemble un espace m\u00e9diterran\u00e9en de prosp\u00e9rit\u00e9 partag\u00e9e, au service du<\/p>\n<p>d\u00e9veloppement, de la stabilit\u00e9 et de l&rsquo;avenir de notre jeunesse. \u00a0\u00bb<\/p>\n<p>&nbsp;<\/p>\n<p>\u00c0 propos<\/p>\n<p>UTICA \u2013 Union Tunisienne de l&rsquo;Industrie, du Commerce et de l&rsquo;Artisanat<\/p>\n<p>Principale organisation patronale tunisienne couvrant tous les secteurs \u00e9conomiques. Membre<\/p>\n<p>du quartet du dialogue national, elle a re\u00e7u le prix Nobel de la paix 2015 pour sa contribution<\/p>\n<p>aux \u00e9lections pr\u00e9sidentielles et l\u00e9gislatives et \u00e0 la ratification de la Constitution en 2014.<\/p>\n<p>&nbsp;<\/p>\n<p>Les Conseillers du Commerce Ext\u00e9rieur de la France (Les CCE)<\/p>\n<p>Dirigeants d\u2019entreprises s\u00e9lectionn\u00e9s et nomm\u00e9s par d\u00e9cret du Premier ministre, au nombre de<\/p>\n<p>4900 et implant\u00e9s dans 152 pays, ils contribuent \u00e0 la diplomatie \u00e9conomique, au rayonnement<\/p>\n<p>et \u00e0 l\u2019attractivit\u00e9 de la France et de ses entreprises.<\/p>\n","protected":false},"excerpt":{"rendered":"<p>&nbsp; &nbsp; franco-tunisien Paris, le 28 octobre 2025 \u2013 Une d\u00e9l\u00e9gation tunisienne de haut niveau conduite par M. Samir &nbsp; Majoul, Pr\u00e9sident de l&rsquo;UTICA, participera \u00e0 cette occasion aux Rencontres d&rsquo;Affaires Tunisie-France 2025, organis\u00e9es par Business France. Deux jours de rencontres et d&rsquo;\u00e9changes \u00e9conomiques de haut niveau plac\u00e9s sous le signe de la confiance, de [&hellip;]<\/p>\n","protected":false},"author":2,"featured_media":139074,"comment_status":"closed","ping_status":"closed","sticky":false,"template":"","format":"standard","meta":{"footnotes":""},"categories":[29],"tags":[],"class_list":["post-139073","post","type-post","status-publish","format-standard","has-post-thumbnail","hentry","category-actualites"],"yoast_head":"<!-- This site is optimized with the Yoast SEO Premium plugin v24.9 (Yoast SEO v24.9) - https:\/\/yoast.com\/wordpress\/plugins\/seo\/ -->\n<title>Les CCE accompagnent une d\u00e9l\u00e9gation de l\u2019UTICA \u00e0 Paris : pour un nouvel \u00e9lan \u00e9conomique et industriel - L&#039;expert Journal<\/title>\n<meta name=\"robots\" content=\"index, follow, max-snippet:-1, max-image-preview:large, max-video-preview:-1\" \/>\n<link rel=\"canonical\" href=\"https:\/\/lexpertjournal.net\/fr\/?p=139073\" \/>\n<meta property=\"og:locale\" content=\"fr_FR\" \/>\n<meta property=\"og:type\" content=\"article\" \/>\n<meta property=\"og:title\" content=\"Les CCE accompagnent une d\u00e9l\u00e9gation de l\u2019UTICA \u00e0 Paris : pour un nouvel \u00e9lan \u00e9conomique et industriel\" \/>\n<meta property=\"og:description\" content=\"&nbsp; &nbsp; franco-tunisien Paris, le 28 octobre 2025 \u2013 Une d\u00e9l\u00e9gation tunisienne de haut niveau conduite par M. Samir &nbsp; Majoul, Pr\u00e9sident de l&rsquo;UTICA, participera \u00e0 cette occasion aux Rencontres d&rsquo;Affaires Tunisie-France 2025, organis\u00e9es par Business France. Deux jours de rencontres et d&rsquo;\u00e9changes \u00e9conomiques de haut niveau plac\u00e9s sous le signe de la confiance, de [&hellip;]\" \/>\n<meta property=\"og:url\" content=\"https:\/\/lexpertjournal.net\/fr\/?p=139073\" \/>\n<meta property=\"og:site_name\" content=\"L&#039;expert Journal\" \/>\n<meta property=\"article:publisher\" content=\"https:\/\/www.facebook.com\/Samya.Ayari.tn\" \/>\n<meta property=\"article:published_time\" content=\"2025-10-27T10:48:51+00:00\" \/>\n<meta property=\"og:image\" content=\"https:\/\/lexpertjournal.net\/fr\/wp-content\/uploads\/2025\/10\/Samir-Majoul.jpg\" \/>\n\t<meta property=\"og:image:width\" content=\"700\" \/>\n\t<meta property=\"og:image:height\" content=\"427\" \/>\n\t<meta property=\"og:image:type\" content=\"image\/jpeg\" \/>\n<meta name=\"author\" content=\"Lexpert\" \/>\n<meta name=\"twitter:card\" content=\"summary_large_image\" \/>\n<meta name=\"twitter:label1\" content=\"\u00c9crit par\" \/>\n\t<meta name=\"twitter:data1\" content=\"Lexpert\" \/>\n\t<meta name=\"twitter:label2\" content=\"Dur\u00e9e de lecture estim\u00e9e\" \/>\n\t<meta name=\"twitter:data2\" content=\"4 minutes\" \/>\n<script type=\"application\/ld+json\" class=\"yoast-schema-graph\">{\"@context\":\"https:\/\/schema.org\",\"@graph\":[{\"@type\":\"Article\",\"@id\":\"https:\/\/lexpertjournal.net\/fr\/?p=139073#article\",\"isPartOf\":{\"@id\":\"https:\/\/lexpertjournal.net\/fr\/?p=139073\"},\"author\":{\"name\":\"Lexpert\",\"@id\":\"https:\/\/lexpertjournal.net\/fr\/#\/schema\/person\/65d2c89a6ae700ca94d3873874b3ae31\"},\"headline\":\"Les CCE accompagnent une d\u00e9l\u00e9gation de l\u2019UTICA \u00e0 Paris : pour un nouvel \u00e9lan \u00e9conomique et industriel\",\"datePublished\":\"2025-10-27T10:48:51+00:00\",\"mainEntityOfPage\":{\"@id\":\"https:\/\/lexpertjournal.net\/fr\/?p=139073\"},\"wordCount\":743,\"publisher\":{\"@id\":\"https:\/\/lexpertjournal.net\/fr\/#organization\"},\"image\":{\"@id\":\"https:\/\/lexpertjournal.net\/fr\/?p=139073#primaryimage\"},\"thumbnailUrl\":\"https:\/\/lexpertjournal.net\/fr\/wp-content\/uploads\/2025\/10\/Samir-Majoul.jpg\",\"articleSection\":[\"Actualit\u00e9s\"],\"inLanguage\":\"fr-FR\"},{\"@type\":\"WebPage\",\"@id\":\"https:\/\/lexpertjournal.net\/fr\/?p=139073\",\"url\":\"https:\/\/lexpertjournal.net\/fr\/?p=139073\",\"name\":\"Les CCE accompagnent une d\u00e9l\u00e9gation de l\u2019UTICA \u00e0 Paris : pour un nouvel \u00e9lan \u00e9conomique et industriel - L&#039;expert Journal\",\"isPartOf\":{\"@id\":\"https:\/\/lexpertjournal.net\/fr\/#website\"},\"primaryImageOfPage\":{\"@id\":\"https:\/\/lexpertjournal.net\/fr\/?p=139073#primaryimage\"},\"image\":{\"@id\":\"https:\/\/lexpertjournal.net\/fr\/?p=139073#primaryimage\"},\"thumbnailUrl\":\"https:\/\/lexpertjournal.net\/fr\/wp-content\/uploads\/2025\/10\/Samir-Majoul.jpg\",\"datePublished\":\"2025-10-27T10:48:51+00:00\",\"breadcrumb\":{\"@id\":\"https:\/\/lexpertjournal.net\/fr\/?p=139073#breadcrumb\"},\"inLanguage\":\"fr-FR\",\"potentialAction\":[{\"@type\":\"ReadAction\",\"target\":[\"https:\/\/lexpertjournal.net\/fr\/?p=139073\"]}]},{\"@type\":\"ImageObject\",\"inLanguage\":\"fr-FR\",\"@id\":\"https:\/\/lexpertjournal.net\/fr\/?p=139073#primaryimage\",\"url\":\"https:\/\/lexpertjournal.net\/fr\/wp-content\/uploads\/2025\/10\/Samir-Majoul.jpg\",\"contentUrl\":\"https:\/\/lexpertjournal.net\/fr\/wp-content\/uploads\/2025\/10\/Samir-Majoul.jpg\",\"width\":700,\"height\":427},{\"@type\":\"BreadcrumbList\",\"@id\":\"https:\/\/lexpertjournal.net\/fr\/?p=139073#breadcrumb\",\"itemListElement\":[{\"@type\":\"ListItem\",\"position\":1,\"name\":\"Accueil\",\"item\":\"https:\/\/lexpertjournal.net\/fr\/\"},{\"@type\":\"ListItem\",\"position\":2,\"name\":\"Les CCE accompagnent une d\u00e9l\u00e9gation de l\u2019UTICA \u00e0 Paris : pour un nouvel \u00e9lan \u00e9conomique et industriel\"}]},{\"@type\":\"WebSite\",\"@id\":\"https:\/\/lexpertjournal.net\/fr\/#website\",\"url\":\"https:\/\/lexpertjournal.net\/fr\/\",\"name\":\"L'expert Journal\",\"description\":\"\",\"publisher\":{\"@id\":\"https:\/\/lexpertjournal.net\/fr\/#organization\"},\"potentialAction\":[{\"@type\":\"SearchAction\",\"target\":{\"@type\":\"EntryPoint\",\"urlTemplate\":\"https:\/\/lexpertjournal.net\/fr\/?s={search_term_string}\"},\"query-input\":{\"@type\":\"PropertyValueSpecification\",\"valueRequired\":true,\"valueName\":\"search_term_string\"}}],\"inLanguage\":\"fr-FR\"},{\"@type\":\"Organization\",\"@id\":\"https:\/\/lexpertjournal.net\/fr\/#organization\",\"name\":\"L'expert Journal\",\"url\":\"https:\/\/lexpertjournal.net\/fr\/\",\"logo\":{\"@type\":\"ImageObject\",\"inLanguage\":\"fr-FR\",\"@id\":\"https:\/\/lexpertjournal.net\/fr\/#\/schema\/logo\/image\/\",\"url\":\"https:\/\/lexpertjournal.net\/fr\/wp-content\/uploads\/2025\/04\/Capture_d_ecran_2025-04-13_a_17.47.13-removebg-preview-1.png\",\"contentUrl\":\"https:\/\/lexpertjournal.net\/fr\/wp-content\/uploads\/2025\/04\/Capture_d_ecran_2025-04-13_a_17.47.13-removebg-preview-1.png\",\"width\":644,\"height\":154,\"caption\":\"L'expert Journal\"},\"image\":{\"@id\":\"https:\/\/lexpertjournal.net\/fr\/#\/schema\/logo\/image\/\"},\"sameAs\":[\"https:\/\/www.facebook.com\/Samya.Ayari.tn\"]},{\"@type\":\"Person\",\"@id\":\"https:\/\/lexpertjournal.net\/fr\/#\/schema\/person\/65d2c89a6ae700ca94d3873874b3ae31\",\"name\":\"Lexpert\",\"image\":{\"@type\":\"ImageObject\",\"inLanguage\":\"fr-FR\",\"@id\":\"https:\/\/lexpertjournal.net\/fr\/#\/schema\/person\/image\/\",\"url\":\"https:\/\/secure.gravatar.com\/avatar\/ffaa3deee382c43b9d0589b4c2636abaab84b89c93fe74bbcf69c13082bb48fc?s=96&d=mm&r=g\",\"contentUrl\":\"https:\/\/secure.gravatar.com\/avatar\/ffaa3deee382c43b9d0589b4c2636abaab84b89c93fe74bbcf69c13082bb48fc?s=96&d=mm&r=g\",\"caption\":\"Lexpert\"},\"url\":\"https:\/\/lexpertjournal.net\/fr\/?author=2\"}]}<\/script>\n<!-- \/ Yoast SEO Premium plugin. -->","yoast_head_json":{"title":"Les CCE accompagnent une d\u00e9l\u00e9gation de l\u2019UTICA \u00e0 Paris : pour un nouvel \u00e9lan \u00e9conomique et industriel - L&#039;expert Journal","robots":{"index":"index","follow":"follow","max-snippet":"max-snippet:-1","max-image-preview":"max-image-preview:large","max-video-preview":"max-video-preview:-1"},"canonical":"https:\/\/lexpertjournal.net\/fr\/?p=139073","og_locale":"fr_FR","og_type":"article","og_title":"Les CCE accompagnent une d\u00e9l\u00e9gation de l\u2019UTICA \u00e0 Paris : pour un nouvel \u00e9lan \u00e9conomique et industriel","og_description":"&nbsp; &nbsp; franco-tunisien Paris, le 28 octobre 2025 \u2013 Une d\u00e9l\u00e9gation tunisienne de haut niveau conduite par M. Samir &nbsp; Majoul, Pr\u00e9sident de l&rsquo;UTICA, participera \u00e0 cette occasion aux Rencontres d&rsquo;Affaires Tunisie-France 2025, organis\u00e9es par Business France. Deux jours de rencontres et d&rsquo;\u00e9changes \u00e9conomiques de haut niveau plac\u00e9s sous le signe de la confiance, de [&hellip;]","og_url":"https:\/\/lexpertjournal.net\/fr\/?p=139073","og_site_name":"L&#039;expert Journal","article_publisher":"https:\/\/www.facebook.com\/Samya.Ayari.tn","article_published_time":"2025-10-27T10:48:51+00:00","og_image":[{"width":700,"height":427,"url":"https:\/\/lexpertjournal.net\/fr\/wp-content\/uploads\/2025\/10\/Samir-Majoul.jpg","type":"image\/jpeg"}],"author":"Lexpert","twitter_card":"summary_large_image","twitter_misc":{"\u00c9crit par":"Lexpert","Dur\u00e9e de lecture estim\u00e9e":"4 minutes"},"schema":{"@context":"https:\/\/schema.org","@graph":[{"@type":"Article","@id":"https:\/\/lexpertjournal.net\/fr\/?p=139073#article","isPartOf":{"@id":"https:\/\/lexpertjournal.net\/fr\/?p=139073"},"author":{"name":"Lexpert","@id":"https:\/\/lexpertjournal.net\/fr\/#\/schema\/person\/65d2c89a6ae700ca94d3873874b3ae31"},"headline":"Les CCE accompagnent une d\u00e9l\u00e9gation de l\u2019UTICA \u00e0 Paris : pour un nouvel \u00e9lan \u00e9conomique et industriel","datePublished":"2025-10-27T10:48:51+00:00","mainEntityOfPage":{"@id":"https:\/\/lexpertjournal.net\/fr\/?p=139073"},"wordCount":743,"publisher":{"@id":"https:\/\/lexpertjournal.net\/fr\/#organization"},"image":{"@id":"https:\/\/lexpertjournal.net\/fr\/?p=139073#primaryimage"},"thumbnailUrl":"https:\/\/lexpertjournal.net\/fr\/wp-content\/uploads\/2025\/10\/Samir-Majoul.jpg","articleSection":["Actualit\u00e9s"],"inLanguage":"fr-FR"},{"@type":"WebPage","@id":"https:\/\/lexpertjournal.net\/fr\/?p=139073","url":"https:\/\/lexpertjournal.net\/fr\/?p=139073","name":"Les CCE accompagnent une d\u00e9l\u00e9gation de l\u2019UTICA \u00e0 Paris : pour un nouvel \u00e9lan \u00e9conomique et industriel - L&#039;expert Journal","isPartOf":{"@id":"https:\/\/lexpertjournal.net\/fr\/#website"},"primaryImageOfPage":{"@id":"https:\/\/lexpertjournal.net\/fr\/?p=139073#primaryimage"},"image":{"@id":"https:\/\/lexpertjournal.net\/fr\/?p=139073#primaryimage"},"thumbnailUrl":"https:\/\/lexpertjournal.net\/fr\/wp-content\/uploads\/2025\/10\/Samir-Majoul.jpg","datePublished":"2025-10-27T10:48:51+00:00","breadcrumb":{"@id":"https:\/\/lexpertjournal.net\/fr\/?p=139073#breadcrumb"},"inLanguage":"fr-FR","potentialAction":[{"@type":"ReadAction","target":["https:\/\/lexpertjournal.net\/fr\/?p=139073"]}]},{"@type":"ImageObject","inLanguage":"fr-FR","@id":"https:\/\/lexpertjournal.net\/fr\/?p=139073#primaryimage","url":"https:\/\/lexpertjournal.net\/fr\/wp-content\/uploads\/2025\/10\/Samir-Majoul.jpg","contentUrl":"https:\/\/lexpertjournal.net\/fr\/wp-content\/uploads\/2025\/10\/Samir-Majoul.jpg","width":700,"height":427},{"@type":"BreadcrumbList","@id":"https:\/\/lexpertjournal.net\/fr\/?p=139073#breadcrumb","itemListElement":[{"@type":"ListItem","position":1,"name":"Accueil","item":"https:\/\/lexpertjournal.net\/fr\/"},{"@type":"ListItem","position":2,"name":"Les CCE accompagnent une d\u00e9l\u00e9gation de l\u2019UTICA \u00e0 Paris : pour un nouvel \u00e9lan \u00e9conomique et industriel"}]},{"@type":"WebSite","@id":"https:\/\/lexpertjournal.net\/fr\/#website","url":"https:\/\/lexpertjournal.net\/fr\/","name":"L'expert Journal","description":"","publisher":{"@id":"https:\/\/lexpertjournal.net\/fr\/#organization"},"potentialAction":[{"@type":"SearchAction","target":{"@type":"EntryPoint","urlTemplate":"https:\/\/lexpertjournal.net\/fr\/?s={search_term_string}"},"query-input":{"@type":"PropertyValueSpecification","valueRequired":true,"valueName":"search_term_string"}}],"inLanguage":"fr-FR"},{"@type":"Organization","@id":"https:\/\/lexpertjournal.net\/fr\/#organization","name":"L'expert Journal","url":"https:\/\/lexpertjournal.net\/fr\/","logo":{"@type":"ImageObject","inLanguage":"fr-FR","@id":"https:\/\/lexpertjournal.net\/fr\/#\/schema\/logo\/image\/","url":"https:\/\/lexpertjournal.net\/fr\/wp-content\/uploads\/2025\/04\/Capture_d_ecran_2025-04-13_a_17.47.13-removebg-preview-1.png","contentUrl":"https:\/\/lexpertjournal.net\/fr\/wp-content\/uploads\/2025\/04\/Capture_d_ecran_2025-04-13_a_17.47.13-removebg-preview-1.png","width":644,"height":154,"caption":"L'expert Journal"},"image":{"@id":"https:\/\/lexpertjournal.net\/fr\/#\/schema\/logo\/image\/"},"sameAs":["https:\/\/www.facebook.com\/Samya.Ayari.tn"]},{"@type":"Person","@id":"https:\/\/lexpertjournal.net\/fr\/#\/schema\/person\/65d2c89a6ae700ca94d3873874b3ae31","name":"Lexpert","image":{"@type":"ImageObject","inLanguage":"fr-FR","@id":"https:\/\/lexpertjournal.net\/fr\/#\/schema\/person\/image\/","url":"https:\/\/secure.gravatar.com\/avatar\/ffaa3deee382c43b9d0589b4c2636abaab84b89c93fe74bbcf69c13082bb48fc?s=96&d=mm&r=g","contentUrl":"https:\/\/secure.gravatar.com\/avatar\/ffaa3deee382c43b9d0589b4c2636abaab84b89c93fe74bbcf69c13082bb48fc?s=96&d=mm&r=g","caption":"Lexpert"},"url":"https:\/\/lexpertjournal.net\/fr\/?author=2"}]}},"_links":{"self":[{"href":"https:\/\/lexpertjournal.net\/fr\/index.php?rest_route=\/wp\/v2\/posts\/139073","targetHints":{"allow":["GET"]}}],"collection":[{"href":"https:\/\/lexpertjournal.net\/fr\/index.php?rest_route=\/wp\/v2\/posts"}],"about":[{"href":"https:\/\/lexpertjournal.net\/fr\/index.php?rest_route=\/wp\/v2\/types\/post"}],"author":[{"embeddable":true,"href":"https:\/\/lexpertjournal.net\/fr\/index.php?rest_route=\/wp\/v2\/users\/2"}],"replies":[{"embeddable":true,"href":"https:\/\/lexpertjournal.net\/fr\/index.php?rest_route=%2Fwp%2Fv2%2Fcomments&post=139073"}],"version-history":[{"count":1,"href":"https:\/\/lexpertjournal.net\/fr\/index.php?rest_route=\/wp\/v2\/posts\/139073\/revisions"}],"predecessor-version":[{"id":139075,"href":"https:\/\/lexpertjournal.net\/fr\/index.php?rest_route=\/wp\/v2\/posts\/139073\/revisions\/139075"}],"wp:featuredmedia":[{"embeddable":true,"href":"https:\/\/lexpertjournal.net\/fr\/index.php?rest_route=\/wp\/v2\/media\/139074"}],"wp:attachment":[{"href":"https:\/\/lexpertjournal.net\/fr\/index.php?rest_route=%2Fwp%2Fv2%2Fmedia&parent=139073"}],"wp:term":[{"taxonomy":"category","embeddable":true,"href":"https:\/\/lexpertjournal.net\/fr\/index.php?rest_route=%2Fwp%2Fv2%2Fcategories&post=139073"},{"taxonomy":"post_tag","embeddable":true,"href":"https:\/\/lexpertjournal.net\/fr\/index.php?rest_route=%2Fwp%2Fv2%2Ftags&post=139073"}],"curies":[{"name":"wp","href":"https:\/\/api.w.org\/{rel}","templated":true}]}}