{"id":138883,"date":"2025-10-01T13:11:21","date_gmt":"2025-10-01T11:11:21","guid":{"rendered":"https:\/\/lexpertjournal.net\/fr\/?p=138883"},"modified":"2025-10-01T13:11:21","modified_gmt":"2025-10-01T11:11:21","slug":"walid-ktila-en-finale-du-100m-t34-aux-mondiaux-de-para-athletisme","status":"publish","type":"post","link":"https:\/\/lexpertjournal.net\/fr\/?p=138883","title":{"rendered":"Walid Ktila en finale du 100m T34 aux Mondiaux de para-athl\u00e9tisme"},"content":{"rendered":"<p>&nbsp;<\/p>\n<p>&nbsp;<\/p>\n<h3 data-start=\"87\" data-end=\"164\"><\/h3>\n<p data-start=\"166\" data-end=\"364\">Le champion paralympique tunisien <strong data-start=\"200\" data-end=\"215\">Walid Ktila<\/strong> s\u2019est qualifi\u00e9, ce mercredi, pour la <strong data-start=\"253\" data-end=\"285\">finale du 100m cat\u00e9gorie T34<\/strong> lors des <strong data-start=\"295\" data-end=\"339\">Championnats du monde de para-athl\u00e9tisme<\/strong> \u00e0 <strong data-start=\"342\" data-end=\"361\">New Delhi, Inde<\/strong>.<\/p>\n<p data-start=\"366\" data-end=\"558\">Lors des qualifications, Ktila a termin\u00e9 <strong data-start=\"407\" data-end=\"420\">troisi\u00e8me<\/strong> avec un temps de <strong data-start=\"438\" data-end=\"456\">15.02 secondes<\/strong>, et visera d\u00e9sormais le podium lors de la <strong data-start=\"499\" data-end=\"555\">finale pr\u00e9vue aujourd\u2019hui \u00e0 13h18 (heure tunisienne)<\/strong>.<\/p>\n","protected":false},"excerpt":{"rendered":"<p>&nbsp; &nbsp; Le champion paralympique tunisien Walid Ktila s\u2019est qualifi\u00e9, ce mercredi, pour la finale du 100m cat\u00e9gorie T34 lors des Championnats du monde de para-athl\u00e9tisme \u00e0 New Delhi, Inde. Lors des qualifications, Ktila a termin\u00e9 troisi\u00e8me avec un temps de 15.02 secondes, et visera d\u00e9sormais le podium lors de la finale pr\u00e9vue aujourd\u2019hui \u00e0 [&hellip;]<\/p>\n","protected":false},"author":2,"featured_media":138884,"comment_status":"closed","ping_status":"closed","sticky":false,"template":"","format":"standard","meta":{"footnotes":""},"categories":[29,2],"tags":[552,551,550],"class_list":["post-138883","post","type-post","status-publish","format-standard","has-post-thumbnail","hentry","category-actualites","category-sport","tag-le-champion-paralympique-tunisien","tag-para-athletisme","tag-walid-ktila"],"yoast_head":"<!-- This site is optimized with the Yoast SEO Premium plugin v24.9 (Yoast SEO v24.9) - https:\/\/yoast.com\/wordpress\/plugins\/seo\/ -->\n<title>Walid Ktila en finale du 100m T34 aux Mondiaux de para-athl\u00e9tisme - L&#039;expert Journal<\/title>\n<meta name=\"robots\" content=\"index, follow, max-snippet:-1, max-image-preview:large, max-video-preview:-1\" \/>\n<link rel=\"canonical\" href=\"https:\/\/lexpertjournal.net\/fr\/?p=138883\" \/>\n<meta property=\"og:locale\" content=\"fr_FR\" \/>\n<meta property=\"og:type\" content=\"article\" \/>\n<meta property=\"og:title\" content=\"Walid Ktila en finale du 100m T34 aux Mondiaux de para-athl\u00e9tisme\" \/>\n<meta property=\"og:description\" content=\"&nbsp; &nbsp; Le champion paralympique tunisien Walid Ktila s\u2019est qualifi\u00e9, ce mercredi, pour la finale du 100m cat\u00e9gorie T34 lors des Championnats du monde de para-athl\u00e9tisme \u00e0 New Delhi, Inde. Lors des qualifications, Ktila a termin\u00e9 troisi\u00e8me avec un temps de 15.02 secondes, et visera d\u00e9sormais le podium lors de la finale pr\u00e9vue aujourd\u2019hui \u00e0 [&hellip;]\" \/>\n<meta property=\"og:url\" content=\"https:\/\/lexpertjournal.net\/fr\/?p=138883\" \/>\n<meta property=\"og:site_name\" content=\"L&#039;expert Journal\" \/>\n<meta property=\"article:publisher\" content=\"https:\/\/www.facebook.com\/Samya.Ayari.tn\" \/>\n<meta property=\"article:published_time\" content=\"2025-10-01T11:11:21+00:00\" \/>\n<meta property=\"og:image\" content=\"https:\/\/lexpertjournal.net\/fr\/wp-content\/uploads\/2025\/10\/walid-ktila.jpg\" \/>\n\t<meta property=\"og:image:width\" content=\"800\" \/>\n\t<meta property=\"og:image:height\" content=\"450\" \/>\n\t<meta property=\"og:image:type\" content=\"image\/jpeg\" \/>\n<meta name=\"author\" content=\"Lexpert\" \/>\n<meta name=\"twitter:card\" content=\"summary_large_image\" \/>\n<meta name=\"twitter:label1\" content=\"\u00c9crit par\" \/>\n\t<meta name=\"twitter:data1\" content=\"Lexpert\" \/>\n\t<meta name=\"twitter:label2\" content=\"Dur\u00e9e de lecture estim\u00e9e\" \/>\n\t<meta name=\"twitter:data2\" content=\"1 minute\" \/>\n<script type=\"application\/ld+json\" class=\"yoast-schema-graph\">{\"@context\":\"https:\/\/schema.org\",\"@graph\":[{\"@type\":\"Article\",\"@id\":\"https:\/\/lexpertjournal.net\/fr\/?p=138883#article\",\"isPartOf\":{\"@id\":\"https:\/\/lexpertjournal.net\/fr\/?p=138883\"},\"author\":{\"name\":\"Lexpert\",\"@id\":\"https:\/\/lexpertjournal.net\/fr\/#\/schema\/person\/65d2c89a6ae700ca94d3873874b3ae31\"},\"headline\":\"Walid Ktila en finale du 100m T34 aux Mondiaux de para-athl\u00e9tisme\",\"datePublished\":\"2025-10-01T11:11:21+00:00\",\"mainEntityOfPage\":{\"@id\":\"https:\/\/lexpertjournal.net\/fr\/?p=138883\"},\"wordCount\":74,\"publisher\":{\"@id\":\"https:\/\/lexpertjournal.net\/fr\/#organization\"},\"image\":{\"@id\":\"https:\/\/lexpertjournal.net\/fr\/?p=138883#primaryimage\"},\"thumbnailUrl\":\"https:\/\/lexpertjournal.net\/fr\/wp-content\/uploads\/2025\/10\/walid-ktila.jpg\",\"keywords\":[\"Le champion paralympique tunisien\",\"para-athl\u00e9tisme\",\"Walid Ktila\"],\"articleSection\":[\"Actualit\u00e9s\",\"Sport\"],\"inLanguage\":\"fr-FR\"},{\"@type\":\"WebPage\",\"@id\":\"https:\/\/lexpertjournal.net\/fr\/?p=138883\",\"url\":\"https:\/\/lexpertjournal.net\/fr\/?p=138883\",\"name\":\"Walid Ktila en finale du 100m T34 aux Mondiaux de para-athl\u00e9tisme - L&#039;expert Journal\",\"isPartOf\":{\"@id\":\"https:\/\/lexpertjournal.net\/fr\/#website\"},\"primaryImageOfPage\":{\"@id\":\"https:\/\/lexpertjournal.net\/fr\/?p=138883#primaryimage\"},\"image\":{\"@id\":\"https:\/\/lexpertjournal.net\/fr\/?p=138883#primaryimage\"},\"thumbnailUrl\":\"https:\/\/lexpertjournal.net\/fr\/wp-content\/uploads\/2025\/10\/walid-ktila.jpg\",\"datePublished\":\"2025-10-01T11:11:21+00:00\",\"breadcrumb\":{\"@id\":\"https:\/\/lexpertjournal.net\/fr\/?p=138883#breadcrumb\"},\"inLanguage\":\"fr-FR\",\"potentialAction\":[{\"@type\":\"ReadAction\",\"target\":[\"https:\/\/lexpertjournal.net\/fr\/?p=138883\"]}]},{\"@type\":\"ImageObject\",\"inLanguage\":\"fr-FR\",\"@id\":\"https:\/\/lexpertjournal.net\/fr\/?p=138883#primaryimage\",\"url\":\"https:\/\/lexpertjournal.net\/fr\/wp-content\/uploads\/2025\/10\/walid-ktila.jpg\",\"contentUrl\":\"https:\/\/lexpertjournal.net\/fr\/wp-content\/uploads\/2025\/10\/walid-ktila.jpg\",\"width\":800,\"height\":450},{\"@type\":\"BreadcrumbList\",\"@id\":\"https:\/\/lexpertjournal.net\/fr\/?p=138883#breadcrumb\",\"itemListElement\":[{\"@type\":\"ListItem\",\"position\":1,\"name\":\"Accueil\",\"item\":\"https:\/\/lexpertjournal.net\/fr\/\"},{\"@type\":\"ListItem\",\"position\":2,\"name\":\"Walid Ktila en finale du 100m T34 aux Mondiaux de para-athl\u00e9tisme\"}]},{\"@type\":\"WebSite\",\"@id\":\"https:\/\/lexpertjournal.net\/fr\/#website\",\"url\":\"https:\/\/lexpertjournal.net\/fr\/\",\"name\":\"L'expert Journal\",\"description\":\"\",\"publisher\":{\"@id\":\"https:\/\/lexpertjournal.net\/fr\/#organization\"},\"potentialAction\":[{\"@type\":\"SearchAction\",\"target\":{\"@type\":\"EntryPoint\",\"urlTemplate\":\"https:\/\/lexpertjournal.net\/fr\/?s={search_term_string}\"},\"query-input\":{\"@type\":\"PropertyValueSpecification\",\"valueRequired\":true,\"valueName\":\"search_term_string\"}}],\"inLanguage\":\"fr-FR\"},{\"@type\":\"Organization\",\"@id\":\"https:\/\/lexpertjournal.net\/fr\/#organization\",\"name\":\"L'expert Journal\",\"url\":\"https:\/\/lexpertjournal.net\/fr\/\",\"logo\":{\"@type\":\"ImageObject\",\"inLanguage\":\"fr-FR\",\"@id\":\"https:\/\/lexpertjournal.net\/fr\/#\/schema\/logo\/image\/\",\"url\":\"https:\/\/lexpertjournal.net\/fr\/wp-content\/uploads\/2025\/04\/Capture_d_ecran_2025-04-13_a_17.47.13-removebg-preview-1.png\",\"contentUrl\":\"https:\/\/lexpertjournal.net\/fr\/wp-content\/uploads\/2025\/04\/Capture_d_ecran_2025-04-13_a_17.47.13-removebg-preview-1.png\",\"width\":644,\"height\":154,\"caption\":\"L'expert Journal\"},\"image\":{\"@id\":\"https:\/\/lexpertjournal.net\/fr\/#\/schema\/logo\/image\/\"},\"sameAs\":[\"https:\/\/www.facebook.com\/Samya.Ayari.tn\"]},{\"@type\":\"Person\",\"@id\":\"https:\/\/lexpertjournal.net\/fr\/#\/schema\/person\/65d2c89a6ae700ca94d3873874b3ae31\",\"name\":\"Lexpert\",\"image\":{\"@type\":\"ImageObject\",\"inLanguage\":\"fr-FR\",\"@id\":\"https:\/\/lexpertjournal.net\/fr\/#\/schema\/person\/image\/\",\"url\":\"https:\/\/secure.gravatar.com\/avatar\/ffaa3deee382c43b9d0589b4c2636abaab84b89c93fe74bbcf69c13082bb48fc?s=96&d=mm&r=g\",\"contentUrl\":\"https:\/\/secure.gravatar.com\/avatar\/ffaa3deee382c43b9d0589b4c2636abaab84b89c93fe74bbcf69c13082bb48fc?s=96&d=mm&r=g\",\"caption\":\"Lexpert\"},\"url\":\"https:\/\/lexpertjournal.net\/fr\/?author=2\"}]}<\/script>\n<!-- \/ Yoast SEO Premium plugin. -->","yoast_head_json":{"title":"Walid Ktila en finale du 100m T34 aux Mondiaux de para-athl\u00e9tisme - L&#039;expert Journal","robots":{"index":"index","follow":"follow","max-snippet":"max-snippet:-1","max-image-preview":"max-image-preview:large","max-video-preview":"max-video-preview:-1"},"canonical":"https:\/\/lexpertjournal.net\/fr\/?p=138883","og_locale":"fr_FR","og_type":"article","og_title":"Walid Ktila en finale du 100m T34 aux Mondiaux de para-athl\u00e9tisme","og_description":"&nbsp; &nbsp; Le champion paralympique tunisien Walid Ktila s\u2019est qualifi\u00e9, ce mercredi, pour la finale du 100m cat\u00e9gorie T34 lors des Championnats du monde de para-athl\u00e9tisme \u00e0 New Delhi, Inde. Lors des qualifications, Ktila a termin\u00e9 troisi\u00e8me avec un temps de 15.02 secondes, et visera d\u00e9sormais le podium lors de la finale pr\u00e9vue aujourd\u2019hui \u00e0 [&hellip;]","og_url":"https:\/\/lexpertjournal.net\/fr\/?p=138883","og_site_name":"L&#039;expert Journal","article_publisher":"https:\/\/www.facebook.com\/Samya.Ayari.tn","article_published_time":"2025-10-01T11:11:21+00:00","og_image":[{"width":800,"height":450,"url":"https:\/\/lexpertjournal.net\/fr\/wp-content\/uploads\/2025\/10\/walid-ktila.jpg","type":"image\/jpeg"}],"author":"Lexpert","twitter_card":"summary_large_image","twitter_misc":{"\u00c9crit par":"Lexpert","Dur\u00e9e de lecture estim\u00e9e":"1 minute"},"schema":{"@context":"https:\/\/schema.org","@graph":[{"@type":"Article","@id":"https:\/\/lexpertjournal.net\/fr\/?p=138883#article","isPartOf":{"@id":"https:\/\/lexpertjournal.net\/fr\/?p=138883"},"author":{"name":"Lexpert","@id":"https:\/\/lexpertjournal.net\/fr\/#\/schema\/person\/65d2c89a6ae700ca94d3873874b3ae31"},"headline":"Walid Ktila en finale du 100m T34 aux Mondiaux de para-athl\u00e9tisme","datePublished":"2025-10-01T11:11:21+00:00","mainEntityOfPage":{"@id":"https:\/\/lexpertjournal.net\/fr\/?p=138883"},"wordCount":74,"publisher":{"@id":"https:\/\/lexpertjournal.net\/fr\/#organization"},"image":{"@id":"https:\/\/lexpertjournal.net\/fr\/?p=138883#primaryimage"},"thumbnailUrl":"https:\/\/lexpertjournal.net\/fr\/wp-content\/uploads\/2025\/10\/walid-ktila.jpg","keywords":["Le champion paralympique tunisien","para-athl\u00e9tisme","Walid Ktila"],"articleSection":["Actualit\u00e9s","Sport"],"inLanguage":"fr-FR"},{"@type":"WebPage","@id":"https:\/\/lexpertjournal.net\/fr\/?p=138883","url":"https:\/\/lexpertjournal.net\/fr\/?p=138883","name":"Walid Ktila en finale du 100m T34 aux Mondiaux de para-athl\u00e9tisme - L&#039;expert Journal","isPartOf":{"@id":"https:\/\/lexpertjournal.net\/fr\/#website"},"primaryImageOfPage":{"@id":"https:\/\/lexpertjournal.net\/fr\/?p=138883#primaryimage"},"image":{"@id":"https:\/\/lexpertjournal.net\/fr\/?p=138883#primaryimage"},"thumbnailUrl":"https:\/\/lexpertjournal.net\/fr\/wp-content\/uploads\/2025\/10\/walid-ktila.jpg","datePublished":"2025-10-01T11:11:21+00:00","breadcrumb":{"@id":"https:\/\/lexpertjournal.net\/fr\/?p=138883#breadcrumb"},"inLanguage":"fr-FR","potentialAction":[{"@type":"ReadAction","target":["https:\/\/lexpertjournal.net\/fr\/?p=138883"]}]},{"@type":"ImageObject","inLanguage":"fr-FR","@id":"https:\/\/lexpertjournal.net\/fr\/?p=138883#primaryimage","url":"https:\/\/lexpertjournal.net\/fr\/wp-content\/uploads\/2025\/10\/walid-ktila.jpg","contentUrl":"https:\/\/lexpertjournal.net\/fr\/wp-content\/uploads\/2025\/10\/walid-ktila.jpg","width":800,"height":450},{"@type":"BreadcrumbList","@id":"https:\/\/lexpertjournal.net\/fr\/?p=138883#breadcrumb","itemListElement":[{"@type":"ListItem","position":1,"name":"Accueil","item":"https:\/\/lexpertjournal.net\/fr\/"},{"@type":"ListItem","position":2,"name":"Walid Ktila en finale du 100m T34 aux Mondiaux de para-athl\u00e9tisme"}]},{"@type":"WebSite","@id":"https:\/\/lexpertjournal.net\/fr\/#website","url":"https:\/\/lexpertjournal.net\/fr\/","name":"L'expert Journal","description":"","publisher":{"@id":"https:\/\/lexpertjournal.net\/fr\/#organization"},"potentialAction":[{"@type":"SearchAction","target":{"@type":"EntryPoint","urlTemplate":"https:\/\/lexpertjournal.net\/fr\/?s={search_term_string}"},"query-input":{"@type":"PropertyValueSpecification","valueRequired":true,"valueName":"search_term_string"}}],"inLanguage":"fr-FR"},{"@type":"Organization","@id":"https:\/\/lexpertjournal.net\/fr\/#organization","name":"L'expert Journal","url":"https:\/\/lexpertjournal.net\/fr\/","logo":{"@type":"ImageObject","inLanguage":"fr-FR","@id":"https:\/\/lexpertjournal.net\/fr\/#\/schema\/logo\/image\/","url":"https:\/\/lexpertjournal.net\/fr\/wp-content\/uploads\/2025\/04\/Capture_d_ecran_2025-04-13_a_17.47.13-removebg-preview-1.png","contentUrl":"https:\/\/lexpertjournal.net\/fr\/wp-content\/uploads\/2025\/04\/Capture_d_ecran_2025-04-13_a_17.47.13-removebg-preview-1.png","width":644,"height":154,"caption":"L'expert Journal"},"image":{"@id":"https:\/\/lexpertjournal.net\/fr\/#\/schema\/logo\/image\/"},"sameAs":["https:\/\/www.facebook.com\/Samya.Ayari.tn"]},{"@type":"Person","@id":"https:\/\/lexpertjournal.net\/fr\/#\/schema\/person\/65d2c89a6ae700ca94d3873874b3ae31","name":"Lexpert","image":{"@type":"ImageObject","inLanguage":"fr-FR","@id":"https:\/\/lexpertjournal.net\/fr\/#\/schema\/person\/image\/","url":"https:\/\/secure.gravatar.com\/avatar\/ffaa3deee382c43b9d0589b4c2636abaab84b89c93fe74bbcf69c13082bb48fc?s=96&d=mm&r=g","contentUrl":"https:\/\/secure.gravatar.com\/avatar\/ffaa3deee382c43b9d0589b4c2636abaab84b89c93fe74bbcf69c13082bb48fc?s=96&d=mm&r=g","caption":"Lexpert"},"url":"https:\/\/lexpertjournal.net\/fr\/?author=2"}]}},"_links":{"self":[{"href":"https:\/\/lexpertjournal.net\/fr\/index.php?rest_route=\/wp\/v2\/posts\/138883","targetHints":{"allow":["GET"]}}],"collection":[{"href":"https:\/\/lexpertjournal.net\/fr\/index.php?rest_route=\/wp\/v2\/posts"}],"about":[{"href":"https:\/\/lexpertjournal.net\/fr\/index.php?rest_route=\/wp\/v2\/types\/post"}],"author":[{"embeddable":true,"href":"https:\/\/lexpertjournal.net\/fr\/index.php?rest_route=\/wp\/v2\/users\/2"}],"replies":[{"embeddable":true,"href":"https:\/\/lexpertjournal.net\/fr\/index.php?rest_route=%2Fwp%2Fv2%2Fcomments&post=138883"}],"version-history":[{"count":1,"href":"https:\/\/lexpertjournal.net\/fr\/index.php?rest_route=\/wp\/v2\/posts\/138883\/revisions"}],"predecessor-version":[{"id":138885,"href":"https:\/\/lexpertjournal.net\/fr\/index.php?rest_route=\/wp\/v2\/posts\/138883\/revisions\/138885"}],"wp:featuredmedia":[{"embeddable":true,"href":"https:\/\/lexpertjournal.net\/fr\/index.php?rest_route=\/wp\/v2\/media\/138884"}],"wp:attachment":[{"href":"https:\/\/lexpertjournal.net\/fr\/index.php?rest_route=%2Fwp%2Fv2%2Fmedia&parent=138883"}],"wp:term":[{"taxonomy":"category","embeddable":true,"href":"https:\/\/lexpertjournal.net\/fr\/index.php?rest_route=%2Fwp%2Fv2%2Fcategories&post=138883"},{"taxonomy":"post_tag","embeddable":true,"href":"https:\/\/lexpertjournal.net\/fr\/index.php?rest_route=%2Fwp%2Fv2%2Ftags&post=138883"}],"curies":[{"name":"wp","href":"https:\/\/api.w.org\/{rel}","templated":true}]}}