{"id":138848,"date":"2025-09-25T15:34:19","date_gmt":"2025-09-25T13:34:19","guid":{"rendered":"https:\/\/lexpertjournal.net\/fr\/?p=138848"},"modified":"2025-09-25T15:34:59","modified_gmt":"2025-09-25T13:34:59","slug":"faut-il-sattendre-a-une-vague-de-licenciement-dans-les-centres-dappels","status":"publish","type":"post","link":"https:\/\/lexpertjournal.net\/fr\/?p=138848","title":{"rendered":"Faut-il s\u2019attendre \u00e0 une vague de licenciement dans les centres d\u2019appels\u00a0?"},"content":{"rendered":"<p>&nbsp;<\/p>\n<p>&nbsp;<\/p>\n<p>&nbsp;<\/p>\n<p>&nbsp;<\/p>\n<p>Le journal l\u2019Expert avait alert\u00e9 depuis des mois sur l\u2019impact de la nouvelle loi\u00a0 fran\u00e7aise sur le d\u00e9marchage t\u00e9l\u00e9phonique vot\u00e9e le 30 Juin 2025 par le s\u00e9nat fran\u00e7ais, et qui interdit \u00e0 partir du mois d\u2019Ao\u00fbt 2026 tout d\u00e9marchage t\u00e9l\u00e9phonique sans le consentement explicite du consommateur (article de l\u2019Expert du 23 Mai 2025). Pr\u00e9cis\u00e9ment, la loi interdit aux entreprises de d\u00e9marcher par t\u00e9l\u00e9phone une personne, soit\u00a0\u00ab\u00a0directement ou par l\u2019interm\u00e9diaire d\u2019un tiers agissant pour son compte\u00a0\u00bb, sans avoir obtenu, au pr\u00e9alable, son consentement de mani\u00e8re \u00ab\u00a0libre, sp\u00e9cifique, \u00e9clair\u00e9e, univoque et r\u00e9vocable\u00a0\u00bb. Ce consentement peut \u00eatre envisag\u00e9 selon un formulaire, un mail ou autre moyen.\u00a0La loi entrera en vigueur le 11\u00a0ao\u00fbt 2026, notamment pour laisser le temps aux entreprises de s\u2019organiser.<\/p>\n<p>Si jusqu\u2019\u00e0 pr\u00e9sent on n\u2019a pas enregistr\u00e9 un impact direct et catastrophique sur les centres d\u2019appels en Tunisie, les choses ont d\u00e9j\u00e0 commenc\u00e9 au Maroc. Selon le site marocain \u00ab\u00a0Media 24\u00a0\u00bb, les centres d\u2019appels marocains vivent un mouvement de licenciement massif. Le secteur emploie au Maroc plus de 140.000 personnes. Les raisons de ce mouvement sont principalement \u00a0la nouvelle loi fran\u00e7aise mais aussi, l\u2019intelligence artificielle. En effet, plusieurs fonctions dans les centres d\u2019appels sont g\u00e9r\u00e9es par l\u2019Intelligence Artificielle, que ce soit des fonctions de premi\u00e8re ligne (d\u00e9marchage, conseil,\u2026) ou des postes de management tel que la supervision ou la gestion m\u00eame d\u2019un centre d\u2019appel.<\/p>\n<p>En Tunisie op\u00e8re actuellement plus de 200 centres d\u2019appel qui emploient plus de 25000 personnes, en majorit\u00e9 des dipl\u00f4m\u00e9s du sup\u00e9rieur. Le business des centres d\u2019appels en Tunisie g\u00e9n\u00e8re plus de 300 millions d\u2019euros\/an de revenus, selon leur chambre syndicale.<\/p>\n<p>Il est important de se pr\u00e9parer \u00e0 un mouvement de licenciement ou \u00e0 des fermetures surprises de certains centres d\u2019appels. Les centres d\u2019appels sont de leur c\u00f4t\u00e9 appel\u00e9s \u00e0 se convertir dans d\u2019autre fonctions qui n\u00e9cessitent l\u2019intervention humaine tel que la gestion des bases de donn\u00e9es, ou la surveillance des syst\u00e8mes d\u2019information, \u2026Le d\u00e9marchage t\u00e9l\u00e9phonique ne sera plus un cr\u00e9neau lucratif et d\u2019avenir, vu les contraintes l\u00e9gislatives et l\u2019\u00e9volution technologique.<\/p>\n<p>Abou Farah<\/p>\n","protected":false},"excerpt":{"rendered":"<p>&nbsp; &nbsp; &nbsp; &nbsp; Le journal l\u2019Expert avait alert\u00e9 depuis des mois sur l\u2019impact de la nouvelle loi\u00a0 fran\u00e7aise sur le d\u00e9marchage t\u00e9l\u00e9phonique vot\u00e9e le 30 Juin 2025 par le s\u00e9nat fran\u00e7ais, et qui interdit \u00e0 partir du mois d\u2019Ao\u00fbt 2026 tout d\u00e9marchage t\u00e9l\u00e9phonique sans le consentement explicite du consommateur (article de l\u2019Expert du 23 [&hellip;]<\/p>\n","protected":false},"author":2,"featured_media":138850,"comment_status":"closed","ping_status":"closed","sticky":false,"template":"","format":"standard","meta":{"footnotes":""},"categories":[29],"tags":[542],"class_list":["post-138848","post","type-post","status-publish","format-standard","has-post-thumbnail","hentry","category-actualites","tag-les-centres-dappels"],"yoast_head":"<!-- This site is optimized with the Yoast SEO Premium plugin v24.9 (Yoast SEO v24.9) - https:\/\/yoast.com\/wordpress\/plugins\/seo\/ -->\n<title>Faut-il s\u2019attendre \u00e0 une vague de licenciement dans les centres d\u2019appels\u00a0? - L&#039;expert Journal<\/title>\n<meta name=\"robots\" content=\"index, follow, max-snippet:-1, max-image-preview:large, max-video-preview:-1\" \/>\n<link rel=\"canonical\" href=\"https:\/\/lexpertjournal.net\/fr\/?p=138848\" \/>\n<meta property=\"og:locale\" content=\"fr_FR\" \/>\n<meta property=\"og:type\" content=\"article\" \/>\n<meta property=\"og:title\" content=\"Faut-il s\u2019attendre \u00e0 une vague de licenciement dans les centres d\u2019appels\u00a0?\" \/>\n<meta property=\"og:description\" content=\"&nbsp; &nbsp; &nbsp; &nbsp; Le journal l\u2019Expert avait alert\u00e9 depuis des mois sur l\u2019impact de la nouvelle loi\u00a0 fran\u00e7aise sur le d\u00e9marchage t\u00e9l\u00e9phonique vot\u00e9e le 30 Juin 2025 par le s\u00e9nat fran\u00e7ais, et qui interdit \u00e0 partir du mois d\u2019Ao\u00fbt 2026 tout d\u00e9marchage t\u00e9l\u00e9phonique sans le consentement explicite du consommateur (article de l\u2019Expert du 23 [&hellip;]\" \/>\n<meta property=\"og:url\" content=\"https:\/\/lexpertjournal.net\/fr\/?p=138848\" \/>\n<meta property=\"og:site_name\" content=\"L&#039;expert Journal\" \/>\n<meta property=\"article:publisher\" content=\"https:\/\/www.facebook.com\/Samya.Ayari.tn\" \/>\n<meta property=\"article:published_time\" content=\"2025-09-25T13:34:19+00:00\" \/>\n<meta property=\"article:modified_time\" content=\"2025-09-25T13:34:59+00:00\" \/>\n<meta property=\"og:image\" content=\"https:\/\/lexpertjournal.net\/fr\/wp-content\/uploads\/2025\/09\/centre-dappel-1.jpg\" \/>\n\t<meta property=\"og:image:width\" content=\"555\" \/>\n\t<meta property=\"og:image:height\" content=\"370\" \/>\n\t<meta property=\"og:image:type\" content=\"image\/jpeg\" \/>\n<meta name=\"author\" content=\"Lexpert\" \/>\n<meta name=\"twitter:card\" content=\"summary_large_image\" \/>\n<meta name=\"twitter:label1\" content=\"\u00c9crit par\" \/>\n\t<meta name=\"twitter:data1\" content=\"Lexpert\" \/>\n\t<meta name=\"twitter:label2\" content=\"Dur\u00e9e de lecture estim\u00e9e\" \/>\n\t<meta name=\"twitter:data2\" content=\"2 minutes\" \/>\n<script type=\"application\/ld+json\" class=\"yoast-schema-graph\">{\"@context\":\"https:\/\/schema.org\",\"@graph\":[{\"@type\":\"Article\",\"@id\":\"https:\/\/lexpertjournal.net\/fr\/?p=138848#article\",\"isPartOf\":{\"@id\":\"https:\/\/lexpertjournal.net\/fr\/?p=138848\"},\"author\":{\"name\":\"Lexpert\",\"@id\":\"https:\/\/lexpertjournal.net\/fr\/#\/schema\/person\/65d2c89a6ae700ca94d3873874b3ae31\"},\"headline\":\"Faut-il s\u2019attendre \u00e0 une vague de licenciement dans les centres d\u2019appels\u00a0?\",\"datePublished\":\"2025-09-25T13:34:19+00:00\",\"dateModified\":\"2025-09-25T13:34:59+00:00\",\"mainEntityOfPage\":{\"@id\":\"https:\/\/lexpertjournal.net\/fr\/?p=138848\"},\"wordCount\":412,\"publisher\":{\"@id\":\"https:\/\/lexpertjournal.net\/fr\/#organization\"},\"image\":{\"@id\":\"https:\/\/lexpertjournal.net\/fr\/?p=138848#primaryimage\"},\"thumbnailUrl\":\"https:\/\/lexpertjournal.net\/fr\/wp-content\/uploads\/2025\/09\/centre-dappel-1.jpg\",\"keywords\":[\"les centres d\u2019appels\"],\"articleSection\":[\"Actualit\u00e9s\"],\"inLanguage\":\"fr-FR\"},{\"@type\":\"WebPage\",\"@id\":\"https:\/\/lexpertjournal.net\/fr\/?p=138848\",\"url\":\"https:\/\/lexpertjournal.net\/fr\/?p=138848\",\"name\":\"Faut-il s\u2019attendre \u00e0 une vague de licenciement dans les centres d\u2019appels\u00a0? - L&#039;expert Journal\",\"isPartOf\":{\"@id\":\"https:\/\/lexpertjournal.net\/fr\/#website\"},\"primaryImageOfPage\":{\"@id\":\"https:\/\/lexpertjournal.net\/fr\/?p=138848#primaryimage\"},\"image\":{\"@id\":\"https:\/\/lexpertjournal.net\/fr\/?p=138848#primaryimage\"},\"thumbnailUrl\":\"https:\/\/lexpertjournal.net\/fr\/wp-content\/uploads\/2025\/09\/centre-dappel-1.jpg\",\"datePublished\":\"2025-09-25T13:34:19+00:00\",\"dateModified\":\"2025-09-25T13:34:59+00:00\",\"breadcrumb\":{\"@id\":\"https:\/\/lexpertjournal.net\/fr\/?p=138848#breadcrumb\"},\"inLanguage\":\"fr-FR\",\"potentialAction\":[{\"@type\":\"ReadAction\",\"target\":[\"https:\/\/lexpertjournal.net\/fr\/?p=138848\"]}]},{\"@type\":\"ImageObject\",\"inLanguage\":\"fr-FR\",\"@id\":\"https:\/\/lexpertjournal.net\/fr\/?p=138848#primaryimage\",\"url\":\"https:\/\/lexpertjournal.net\/fr\/wp-content\/uploads\/2025\/09\/centre-dappel-1.jpg\",\"contentUrl\":\"https:\/\/lexpertjournal.net\/fr\/wp-content\/uploads\/2025\/09\/centre-dappel-1.jpg\",\"width\":555,\"height\":370},{\"@type\":\"BreadcrumbList\",\"@id\":\"https:\/\/lexpertjournal.net\/fr\/?p=138848#breadcrumb\",\"itemListElement\":[{\"@type\":\"ListItem\",\"position\":1,\"name\":\"Accueil\",\"item\":\"https:\/\/lexpertjournal.net\/fr\/\"},{\"@type\":\"ListItem\",\"position\":2,\"name\":\"Faut-il s\u2019attendre \u00e0 une vague de licenciement dans les centres d\u2019appels\u00a0?\"}]},{\"@type\":\"WebSite\",\"@id\":\"https:\/\/lexpertjournal.net\/fr\/#website\",\"url\":\"https:\/\/lexpertjournal.net\/fr\/\",\"name\":\"L'expert Journal\",\"description\":\"\",\"publisher\":{\"@id\":\"https:\/\/lexpertjournal.net\/fr\/#organization\"},\"potentialAction\":[{\"@type\":\"SearchAction\",\"target\":{\"@type\":\"EntryPoint\",\"urlTemplate\":\"https:\/\/lexpertjournal.net\/fr\/?s={search_term_string}\"},\"query-input\":{\"@type\":\"PropertyValueSpecification\",\"valueRequired\":true,\"valueName\":\"search_term_string\"}}],\"inLanguage\":\"fr-FR\"},{\"@type\":\"Organization\",\"@id\":\"https:\/\/lexpertjournal.net\/fr\/#organization\",\"name\":\"L'expert Journal\",\"url\":\"https:\/\/lexpertjournal.net\/fr\/\",\"logo\":{\"@type\":\"ImageObject\",\"inLanguage\":\"fr-FR\",\"@id\":\"https:\/\/lexpertjournal.net\/fr\/#\/schema\/logo\/image\/\",\"url\":\"https:\/\/lexpertjournal.net\/fr\/wp-content\/uploads\/2025\/04\/Capture_d_ecran_2025-04-13_a_17.47.13-removebg-preview-1.png\",\"contentUrl\":\"https:\/\/lexpertjournal.net\/fr\/wp-content\/uploads\/2025\/04\/Capture_d_ecran_2025-04-13_a_17.47.13-removebg-preview-1.png\",\"width\":644,\"height\":154,\"caption\":\"L'expert Journal\"},\"image\":{\"@id\":\"https:\/\/lexpertjournal.net\/fr\/#\/schema\/logo\/image\/\"},\"sameAs\":[\"https:\/\/www.facebook.com\/Samya.Ayari.tn\"]},{\"@type\":\"Person\",\"@id\":\"https:\/\/lexpertjournal.net\/fr\/#\/schema\/person\/65d2c89a6ae700ca94d3873874b3ae31\",\"name\":\"Lexpert\",\"image\":{\"@type\":\"ImageObject\",\"inLanguage\":\"fr-FR\",\"@id\":\"https:\/\/lexpertjournal.net\/fr\/#\/schema\/person\/image\/\",\"url\":\"https:\/\/secure.gravatar.com\/avatar\/ffaa3deee382c43b9d0589b4c2636abaab84b89c93fe74bbcf69c13082bb48fc?s=96&d=mm&r=g\",\"contentUrl\":\"https:\/\/secure.gravatar.com\/avatar\/ffaa3deee382c43b9d0589b4c2636abaab84b89c93fe74bbcf69c13082bb48fc?s=96&d=mm&r=g\",\"caption\":\"Lexpert\"},\"url\":\"https:\/\/lexpertjournal.net\/fr\/?author=2\"}]}<\/script>\n<!-- \/ Yoast SEO Premium plugin. -->","yoast_head_json":{"title":"Faut-il s\u2019attendre \u00e0 une vague de licenciement dans les centres d\u2019appels\u00a0? - L&#039;expert Journal","robots":{"index":"index","follow":"follow","max-snippet":"max-snippet:-1","max-image-preview":"max-image-preview:large","max-video-preview":"max-video-preview:-1"},"canonical":"https:\/\/lexpertjournal.net\/fr\/?p=138848","og_locale":"fr_FR","og_type":"article","og_title":"Faut-il s\u2019attendre \u00e0 une vague de licenciement dans les centres d\u2019appels\u00a0?","og_description":"&nbsp; &nbsp; &nbsp; &nbsp; Le journal l\u2019Expert avait alert\u00e9 depuis des mois sur l\u2019impact de la nouvelle loi\u00a0 fran\u00e7aise sur le d\u00e9marchage t\u00e9l\u00e9phonique vot\u00e9e le 30 Juin 2025 par le s\u00e9nat fran\u00e7ais, et qui interdit \u00e0 partir du mois d\u2019Ao\u00fbt 2026 tout d\u00e9marchage t\u00e9l\u00e9phonique sans le consentement explicite du consommateur (article de l\u2019Expert du 23 [&hellip;]","og_url":"https:\/\/lexpertjournal.net\/fr\/?p=138848","og_site_name":"L&#039;expert Journal","article_publisher":"https:\/\/www.facebook.com\/Samya.Ayari.tn","article_published_time":"2025-09-25T13:34:19+00:00","article_modified_time":"2025-09-25T13:34:59+00:00","og_image":[{"width":555,"height":370,"url":"https:\/\/lexpertjournal.net\/fr\/wp-content\/uploads\/2025\/09\/centre-dappel-1.jpg","type":"image\/jpeg"}],"author":"Lexpert","twitter_card":"summary_large_image","twitter_misc":{"\u00c9crit par":"Lexpert","Dur\u00e9e de lecture estim\u00e9e":"2 minutes"},"schema":{"@context":"https:\/\/schema.org","@graph":[{"@type":"Article","@id":"https:\/\/lexpertjournal.net\/fr\/?p=138848#article","isPartOf":{"@id":"https:\/\/lexpertjournal.net\/fr\/?p=138848"},"author":{"name":"Lexpert","@id":"https:\/\/lexpertjournal.net\/fr\/#\/schema\/person\/65d2c89a6ae700ca94d3873874b3ae31"},"headline":"Faut-il s\u2019attendre \u00e0 une vague de licenciement dans les centres d\u2019appels\u00a0?","datePublished":"2025-09-25T13:34:19+00:00","dateModified":"2025-09-25T13:34:59+00:00","mainEntityOfPage":{"@id":"https:\/\/lexpertjournal.net\/fr\/?p=138848"},"wordCount":412,"publisher":{"@id":"https:\/\/lexpertjournal.net\/fr\/#organization"},"image":{"@id":"https:\/\/lexpertjournal.net\/fr\/?p=138848#primaryimage"},"thumbnailUrl":"https:\/\/lexpertjournal.net\/fr\/wp-content\/uploads\/2025\/09\/centre-dappel-1.jpg","keywords":["les centres d\u2019appels"],"articleSection":["Actualit\u00e9s"],"inLanguage":"fr-FR"},{"@type":"WebPage","@id":"https:\/\/lexpertjournal.net\/fr\/?p=138848","url":"https:\/\/lexpertjournal.net\/fr\/?p=138848","name":"Faut-il s\u2019attendre \u00e0 une vague de licenciement dans les centres d\u2019appels\u00a0? - L&#039;expert Journal","isPartOf":{"@id":"https:\/\/lexpertjournal.net\/fr\/#website"},"primaryImageOfPage":{"@id":"https:\/\/lexpertjournal.net\/fr\/?p=138848#primaryimage"},"image":{"@id":"https:\/\/lexpertjournal.net\/fr\/?p=138848#primaryimage"},"thumbnailUrl":"https:\/\/lexpertjournal.net\/fr\/wp-content\/uploads\/2025\/09\/centre-dappel-1.jpg","datePublished":"2025-09-25T13:34:19+00:00","dateModified":"2025-09-25T13:34:59+00:00","breadcrumb":{"@id":"https:\/\/lexpertjournal.net\/fr\/?p=138848#breadcrumb"},"inLanguage":"fr-FR","potentialAction":[{"@type":"ReadAction","target":["https:\/\/lexpertjournal.net\/fr\/?p=138848"]}]},{"@type":"ImageObject","inLanguage":"fr-FR","@id":"https:\/\/lexpertjournal.net\/fr\/?p=138848#primaryimage","url":"https:\/\/lexpertjournal.net\/fr\/wp-content\/uploads\/2025\/09\/centre-dappel-1.jpg","contentUrl":"https:\/\/lexpertjournal.net\/fr\/wp-content\/uploads\/2025\/09\/centre-dappel-1.jpg","width":555,"height":370},{"@type":"BreadcrumbList","@id":"https:\/\/lexpertjournal.net\/fr\/?p=138848#breadcrumb","itemListElement":[{"@type":"ListItem","position":1,"name":"Accueil","item":"https:\/\/lexpertjournal.net\/fr\/"},{"@type":"ListItem","position":2,"name":"Faut-il s\u2019attendre \u00e0 une vague de licenciement dans les centres d\u2019appels\u00a0?"}]},{"@type":"WebSite","@id":"https:\/\/lexpertjournal.net\/fr\/#website","url":"https:\/\/lexpertjournal.net\/fr\/","name":"L'expert Journal","description":"","publisher":{"@id":"https:\/\/lexpertjournal.net\/fr\/#organization"},"potentialAction":[{"@type":"SearchAction","target":{"@type":"EntryPoint","urlTemplate":"https:\/\/lexpertjournal.net\/fr\/?s={search_term_string}"},"query-input":{"@type":"PropertyValueSpecification","valueRequired":true,"valueName":"search_term_string"}}],"inLanguage":"fr-FR"},{"@type":"Organization","@id":"https:\/\/lexpertjournal.net\/fr\/#organization","name":"L'expert Journal","url":"https:\/\/lexpertjournal.net\/fr\/","logo":{"@type":"ImageObject","inLanguage":"fr-FR","@id":"https:\/\/lexpertjournal.net\/fr\/#\/schema\/logo\/image\/","url":"https:\/\/lexpertjournal.net\/fr\/wp-content\/uploads\/2025\/04\/Capture_d_ecran_2025-04-13_a_17.47.13-removebg-preview-1.png","contentUrl":"https:\/\/lexpertjournal.net\/fr\/wp-content\/uploads\/2025\/04\/Capture_d_ecran_2025-04-13_a_17.47.13-removebg-preview-1.png","width":644,"height":154,"caption":"L'expert Journal"},"image":{"@id":"https:\/\/lexpertjournal.net\/fr\/#\/schema\/logo\/image\/"},"sameAs":["https:\/\/www.facebook.com\/Samya.Ayari.tn"]},{"@type":"Person","@id":"https:\/\/lexpertjournal.net\/fr\/#\/schema\/person\/65d2c89a6ae700ca94d3873874b3ae31","name":"Lexpert","image":{"@type":"ImageObject","inLanguage":"fr-FR","@id":"https:\/\/lexpertjournal.net\/fr\/#\/schema\/person\/image\/","url":"https:\/\/secure.gravatar.com\/avatar\/ffaa3deee382c43b9d0589b4c2636abaab84b89c93fe74bbcf69c13082bb48fc?s=96&d=mm&r=g","contentUrl":"https:\/\/secure.gravatar.com\/avatar\/ffaa3deee382c43b9d0589b4c2636abaab84b89c93fe74bbcf69c13082bb48fc?s=96&d=mm&r=g","caption":"Lexpert"},"url":"https:\/\/lexpertjournal.net\/fr\/?author=2"}]}},"_links":{"self":[{"href":"https:\/\/lexpertjournal.net\/fr\/index.php?rest_route=\/wp\/v2\/posts\/138848","targetHints":{"allow":["GET"]}}],"collection":[{"href":"https:\/\/lexpertjournal.net\/fr\/index.php?rest_route=\/wp\/v2\/posts"}],"about":[{"href":"https:\/\/lexpertjournal.net\/fr\/index.php?rest_route=\/wp\/v2\/types\/post"}],"author":[{"embeddable":true,"href":"https:\/\/lexpertjournal.net\/fr\/index.php?rest_route=\/wp\/v2\/users\/2"}],"replies":[{"embeddable":true,"href":"https:\/\/lexpertjournal.net\/fr\/index.php?rest_route=%2Fwp%2Fv2%2Fcomments&post=138848"}],"version-history":[{"count":1,"href":"https:\/\/lexpertjournal.net\/fr\/index.php?rest_route=\/wp\/v2\/posts\/138848\/revisions"}],"predecessor-version":[{"id":138849,"href":"https:\/\/lexpertjournal.net\/fr\/index.php?rest_route=\/wp\/v2\/posts\/138848\/revisions\/138849"}],"wp:featuredmedia":[{"embeddable":true,"href":"https:\/\/lexpertjournal.net\/fr\/index.php?rest_route=\/wp\/v2\/media\/138850"}],"wp:attachment":[{"href":"https:\/\/lexpertjournal.net\/fr\/index.php?rest_route=%2Fwp%2Fv2%2Fmedia&parent=138848"}],"wp:term":[{"taxonomy":"category","embeddable":true,"href":"https:\/\/lexpertjournal.net\/fr\/index.php?rest_route=%2Fwp%2Fv2%2Fcategories&post=138848"},{"taxonomy":"post_tag","embeddable":true,"href":"https:\/\/lexpertjournal.net\/fr\/index.php?rest_route=%2Fwp%2Fv2%2Ftags&post=138848"}],"curies":[{"name":"wp","href":"https:\/\/api.w.org\/{rel}","templated":true}]}}