{"id":138813,"date":"2025-09-23T13:39:42","date_gmt":"2025-09-23T11:39:42","guid":{"rendered":"https:\/\/lexpertjournal.net\/fr\/?p=138813"},"modified":"2025-09-23T13:41:45","modified_gmt":"2025-09-23T11:41:45","slug":"etats-financiers-individuels-et-consolides-entre-contradictions-et-necessite-de-reforme-a-lere-de-lintelligence-artificielle","status":"publish","type":"post","link":"https:\/\/lexpertjournal.net\/fr\/?p=138813","title":{"rendered":"\u00c9tats financiers individuels et consolid\u00e9s : entre contradictions et n\u00e9cessit\u00e9 de r\u00e9forme \u00e0 l\u2019\u00e8re de l\u2019intelligence artificielle"},"content":{"rendered":"<p>&nbsp;<\/p>\n<p><strong>Une introduction qui interpelle<\/strong><\/p>\n<p>\u00c0 quoi sert de publier des <strong>\u00e9tats financiers individuels<\/strong> si, quelques mois plus tard, les <strong>\u00e9tats consolid\u00e9s<\/strong> viennent en r\u00e9v\u00e9ler des \u00e9carts parfois consid\u00e9rables ? La question m\u00e9rite d\u2019\u00eatre pos\u00e9e. Car il ne s\u2019agit pas seulement d\u2019un d\u00e9bat technique r\u00e9serv\u00e9 aux comptables : c\u2019est un enjeu de <strong>transparence, de cr\u00e9dibilit\u00e9 et d\u2019efficacit\u00e9 \u00e9conomique<\/strong>.<\/p>\n<p>En Tunisie, cette pratique interroge encore plus \u00e0 l\u2019\u00e8re de l\u2019<strong>intelligence artificielle<\/strong>, o\u00f9 l\u2019on peut traiter en temps r\u00e9el des millions de donn\u00e9es, alors qu\u2019il faut attendre <strong>plus de trois mois<\/strong> pour publier des \u00e9tats qui, bien souvent, ne refl\u00e8tent qu\u2019une image partielle.<\/p>\n<p>&nbsp;<\/p>\n<p><strong>Un d\u00e9calage institutionnalis\u00e9<\/strong><\/p>\n<p>Le cadre r\u00e9glementaire tunisien impose aux soci\u00e9t\u00e9s cot\u00e9es de publier leurs <strong>\u00e9tats financiers individuels<\/strong> avant le <strong>30 avril<\/strong>. Les <strong>\u00e9tats consolid\u00e9s<\/strong>, eux, paraissent g\u00e9n\u00e9ralement en <strong>juin ou juillet<\/strong>, parfois m\u00eame plus tard.<\/p>\n<p>Ce d\u00e9calage de <strong>90 \u00e0 120 jours<\/strong> n\u2019est pas neutre. Entre avril et juillet, les investisseurs ne disposent que d\u2019une image fragment\u00e9e. Or, dans un march\u00e9 o\u00f9 la confiance est la principale devise, cette attente fragilise la lisibilit\u00e9 financi\u00e8re des entreprises.<\/p>\n<p>&nbsp;<\/p>\n<p><strong>Quand les r\u00e9sultats consolid\u00e9s diminuent : des \u00e9carts qui inqui\u00e8tent<\/strong><\/p>\n<ol>\n<li><strong> STB (Soci\u00e9t\u00e9 Tunisienne de Banque)<\/strong><\/li>\n<\/ol>\n<p>En 2023, la STB a publi\u00e9 en avril un <strong>r\u00e9sultat individuel de 57 MD<\/strong>. Mais en juin, les \u00e9tats consolid\u00e9s (incluant STB Leasing et STB SICAR) ont ramen\u00e9 ce chiffre \u00e0 <strong>44 MD<\/strong>. Un \u00e9cart de <strong>23 %<\/strong>.<\/p>\n<p>En 2022, le sc\u00e9nario \u00e9tait similaire : <strong>39 MD en individuel<\/strong>, r\u00e9duits \u00e0 <strong>28 MD consolid\u00e9s<\/strong>. Dans les deux cas, l\u2019investisseur qui s\u2019\u00e9tait bas\u00e9 uniquement sur l\u2019individuel a eu une perception fauss\u00e9e de la situation r\u00e9elle.<\/p>\n<ol start=\"2\">\n<li><strong> BIAT (Banque Internationale Arabe de Tunisie)<\/strong><\/li>\n<\/ol>\n<p>En 2024, la BIAT a annonc\u00e9 en avril un b\u00e9n\u00e9fice net individuel de <strong>417 MD<\/strong>. Trois mois plus tard, les consolid\u00e9s ramenaient ce chiffre \u00e0 environ <strong>375 MD<\/strong>, soit une baisse de pr\u00e8s de <strong>10 %<\/strong>. En cause : une performance contrast\u00e9e de ses filiales, notamment dans la gestion d\u2019actifs et l\u2019assurance.<\/p>\n<p>Ici encore, l\u2019\u00e9cart est significatif : la banque est toujours b\u00e9n\u00e9ficiaire, mais la solidit\u00e9 per\u00e7ue au d\u00e9part s\u2019en trouve relativis\u00e9e.<\/p>\n<ol start=\"3\">\n<li><strong> BNA Assurances<\/strong><\/li>\n<\/ol>\n<p>Introduite en Bourse en septembre 2025, la compagnie a affich\u00e9 en avril 2025 (\u00e9tats individuels arr\u00eat\u00e9s au 31\/12\/2024) un <strong>r\u00e9sultat net de 21 MD<\/strong>. Mais les consolid\u00e9s publi\u00e9s en juillet l\u2019ont ramen\u00e9 \u00e0 <strong>17 MD<\/strong>. Pour un nouvel entrant sur le march\u00e9, la nuance est de taille, surtout vis-\u00e0-vis d\u2019investisseurs cherchant une \u00e9valuation fiable de la rentabilit\u00e9.<\/p>\n<p>&nbsp;<\/p>\n<p><strong>Quand les consolid\u00e9s am\u00e9liorent les r\u00e9sultats : des \u00e9carts positifs<\/strong><\/p>\n<p>Il serait injuste de ne voir dans la consolidation qu\u2019un exercice qui diminue les chiffres. Dans certains cas, les consolid\u00e9s <strong>am\u00e9liorent<\/strong> la perception d\u2019un groupe, en int\u00e9grant la dynamique positive de filiales.<\/p>\n<ol>\n<li><strong> Amen Bank<\/strong><\/li>\n<\/ol>\n<p>En 2022, les r\u00e9sultats individuels d\u2019Amen Bank faisaient \u00e9tat d\u2019un b\u00e9n\u00e9fice net de <strong>134 MD<\/strong>. Mais les consolid\u00e9s publi\u00e9s en juin affichaient <strong>151 MD<\/strong>, soit une hausse de <strong>12 %<\/strong> gr\u00e2ce \u00e0 la bonne performance d\u2019Amen Lease et d\u2019Amen Invest.<\/p>\n<ol start=\"2\">\n<li><strong> UIB (Union Internationale de Banques)<\/strong><\/li>\n<\/ol>\n<p>En 2021, l\u2019UIB a publi\u00e9 un r\u00e9sultat individuel de <strong>129 MD<\/strong>. Les consolid\u00e9s, parus en juillet, portaient ce chiffre \u00e0 <strong>141 MD<\/strong>, en raison notamment de la contribution positive de ses filiales dans le financement sp\u00e9cialis\u00e9.<\/p>\n<ol start=\"3\">\n<li><strong> SAH Lilas (Industrie)<\/strong><\/li>\n<\/ol>\n<p>Le cas des soci\u00e9t\u00e9s industrielles est encore plus parlant. En 2023, SAH Lilas avait affich\u00e9 un b\u00e9n\u00e9fice individuel de <strong>98 MD<\/strong>. Les consolid\u00e9s l\u2019ont fait grimper \u00e0 <strong>112 MD<\/strong>, gr\u00e2ce \u00e0 la croissance de ses filiales en Alg\u00e9rie et au Maroc. Ici, la consolidation refl\u00e8te la v\u00e9ritable strat\u00e9gie de r\u00e9gionalisation et de diversification.<\/p>\n<p>&nbsp;<\/p>\n<p><strong>Un probl\u00e8me de d\u00e9lais : comparaison internationale<\/strong><\/p>\n<ul>\n<li><strong>Tunisie<\/strong> :\n<ul>\n<li>Individuels : <strong>avril N+1<\/strong><\/li>\n<li>Consolid\u00e9s : <strong>juin-juillet N+1<\/strong><\/li>\n<li>D\u00e9calage : <strong>90\u2013120 jours<\/strong><\/li>\n<\/ul>\n<\/li>\n<li><strong>Europe (zone euro, normes IFRS)<\/strong> :\n<ul>\n<li>Consolid\u00e9s publi\u00e9s <strong>dans les 90 jours<\/strong> apr\u00e8s la cl\u00f4ture.<\/li>\n<li>Exemple : <strong>BNP Paribas<\/strong> (cl\u00f4ture 31\/12\/2024) \u2192 publication <strong>31\/03\/2025<\/strong>.<\/li>\n<\/ul>\n<\/li>\n<li><strong>\u00c9tats-Unis (SEC)<\/strong> :\n<ul>\n<li>D\u00e9lais maximum : <strong>60 jours<\/strong>.<\/li>\n<li>Exemple : <strong>JP Morgan<\/strong> (cl\u00f4ture 31\/12\/2024) \u2192 publication <strong>13\/02\/2025<\/strong> (45 jours).<\/li>\n<\/ul>\n<\/li>\n<\/ul>\n<p>La Tunisie accuse donc un <strong>retard de 2 \u00e0 4 mois<\/strong> par rapport aux standards internationaux. Dans un march\u00e9 globalis\u00e9, cet \u00e9cart nuit \u00e0 l\u2019attractivit\u00e9.<\/p>\n<p>&nbsp;<\/p>\n<p><strong>Pourquoi maintenir ce d\u00e9calage ?<\/strong><\/p>\n<p>Les justifications avanc\u00e9es sont connues :<\/p>\n<ol>\n<li><strong>Contraintes r\u00e9glementaires<\/strong> : les individuels sont la base juridique obligatoire.<\/li>\n<li><strong>Complexit\u00e9 organisationnelle<\/strong> : filiales aux syst\u00e8mes comptables h\u00e9t\u00e9rog\u00e8nes.<\/li>\n<li><strong>Conservatisme culturel<\/strong> : la consolidation est encore vue comme un \u00ab suppl\u00e9ment \u00bb au lieu d\u2019un outil central.<\/li>\n<\/ol>\n<p>Mais ces raisons n\u2019ont plus de poids face aux technologies actuelles. <strong>L\u2019intelligence artificielle<\/strong> permet d\u00e9j\u00e0 de consolider en temps r\u00e9el des donn\u00e9es complexes, d\u2019identifier des incoh\u00e9rences et de g\u00e9n\u00e9rer des rapports instantan\u00e9s.<\/p>\n<p><strong>Cons\u00e9quences pour le march\u00e9<\/strong><\/p>\n<ol>\n<li><strong>Volatilit\u00e9 boursi\u00e8re<\/strong> : les cours r\u00e9agissent d\u2019abord aux individuels (avril), puis corrigent parfois brutalement \u00e0 la sortie des consolid\u00e9s (juin-juillet).<\/li>\n<li><strong>Perte de confiance<\/strong> : les investisseurs, surtout \u00e9trangers, per\u00e7oivent un march\u00e9 lent et peu transparent.<\/li>\n<li><strong>D\u00e9calage strat\u00e9gique<\/strong> : dans une \u00e9conomie mondialis\u00e9e, la Tunisie se place en marge des standards internationaux, ce qui p\u00e8se sur son attractivit\u00e9.<\/li>\n<\/ol>\n<p>&nbsp;<\/p>\n<p><strong>Quelles r\u00e9formes possibles ?<\/strong><\/p>\n<ul>\n<li><strong>Supprimer ou all\u00e9ger l\u2019obligation des individuels<\/strong> pour les soci\u00e9t\u00e9s m\u00e8res de groupes complexes.<\/li>\n<li><strong>Synchroniser les publications<\/strong> : individuels et consolid\u00e9s diffus\u00e9s en m\u00eame temps.<\/li>\n<li><strong>Acc\u00e9l\u00e9rer les d\u00e9lais<\/strong> : imposer une publication consolid\u00e9e dans les 90 jours maximum.<\/li>\n<li><strong>Digitaliser et automatiser<\/strong> : recourir aux plateformes d\u2019IA pour rapprocher les comptes en temps r\u00e9el.<\/li>\n<\/ul>\n<p>&nbsp;<\/p>\n<p><strong>\u00a0\u00a0\u00a0\u00a0 Un imp\u00e9ratif de cr\u00e9dibilit\u00e9<\/strong><\/p>\n<p>Publier d\u2019abord des \u00e9tats financiers individuels qui seront ensuite corrig\u00e9s \u2013 \u00e0 la hausse ou \u00e0 la baisse \u2013 par les consolid\u00e9s, et ce avec plusieurs mois de retard, est une pratique qui mine la <strong>transparence<\/strong> et la <strong>cr\u00e9dibilit\u00e9<\/strong> de l\u2019information financi\u00e8re tunisienne.<\/p>\n<p>Certes, la consolidation peut r\u00e9v\u00e9ler une meilleure performance, comme pour <strong>Amen Bank<\/strong> ou <strong>SAH Lilas<\/strong>, mais dans tous les cas, elle met en lumi\u00e8re le caract\u00e8re incomplet, voire trompeur, des \u00e9tats individuels.<\/p>\n<p>\u00c0 l\u2019\u00e8re de l\u2019intelligence artificielle, o\u00f9 l\u2019on exige une information <strong>fiable, coh\u00e9rente et rapide<\/strong>, il est urgent que la Tunisie repense son mod\u00e8le de communication financi\u00e8re. Non seulement pour se conformer aux standards internationaux, mais surtout pour regagner la confiance des investisseurs et cr\u00e9dibiliser son march\u00e9 financier.<\/p>\n<p style=\"text-align: right;\"><strong>Abou FARAH<\/strong><\/p>\n<p>&nbsp;<\/p>\n","protected":false},"excerpt":{"rendered":"<p>&nbsp; Une introduction qui interpelle \u00c0 quoi sert de publier des \u00e9tats financiers individuels si, quelques mois plus tard, les \u00e9tats consolid\u00e9s viennent en r\u00e9v\u00e9ler des \u00e9carts parfois consid\u00e9rables ? La question m\u00e9rite d\u2019\u00eatre pos\u00e9e. Car il ne s\u2019agit pas seulement d\u2019un d\u00e9bat technique r\u00e9serv\u00e9 aux comptables : c\u2019est un enjeu de transparence, de cr\u00e9dibilit\u00e9 [&hellip;]<\/p>\n","protected":false},"author":2,"featured_media":138814,"comment_status":"closed","ping_status":"closed","sticky":false,"template":"","format":"standard","meta":{"footnotes":""},"categories":[29,28],"tags":[538],"class_list":["post-138813","post","type-post","status-publish","format-standard","has-post-thumbnail","hentry","category-actualites","category-economie","tag-etats-financiers"],"yoast_head":"<!-- This site is optimized with the Yoast SEO Premium plugin v24.9 (Yoast SEO v24.9) - https:\/\/yoast.com\/wordpress\/plugins\/seo\/ -->\n<title>\u00c9tats financiers individuels et consolid\u00e9s : entre contradictions et n\u00e9cessit\u00e9 de r\u00e9forme \u00e0 l\u2019\u00e8re de l\u2019intelligence artificielle - L&#039;expert Journal<\/title>\n<meta name=\"robots\" content=\"index, follow, max-snippet:-1, max-image-preview:large, max-video-preview:-1\" \/>\n<link rel=\"canonical\" href=\"https:\/\/lexpertjournal.net\/fr\/?p=138813\" \/>\n<meta property=\"og:locale\" content=\"fr_FR\" \/>\n<meta property=\"og:type\" content=\"article\" \/>\n<meta property=\"og:title\" content=\"\u00c9tats financiers individuels et consolid\u00e9s : entre contradictions et n\u00e9cessit\u00e9 de r\u00e9forme \u00e0 l\u2019\u00e8re de l\u2019intelligence artificielle\" \/>\n<meta property=\"og:description\" content=\"&nbsp; Une introduction qui interpelle \u00c0 quoi sert de publier des \u00e9tats financiers individuels si, quelques mois plus tard, les \u00e9tats consolid\u00e9s viennent en r\u00e9v\u00e9ler des \u00e9carts parfois consid\u00e9rables ? La question m\u00e9rite d\u2019\u00eatre pos\u00e9e. Car il ne s\u2019agit pas seulement d\u2019un d\u00e9bat technique r\u00e9serv\u00e9 aux comptables : c\u2019est un enjeu de transparence, de cr\u00e9dibilit\u00e9 [&hellip;]\" \/>\n<meta property=\"og:url\" content=\"https:\/\/lexpertjournal.net\/fr\/?p=138813\" \/>\n<meta property=\"og:site_name\" content=\"L&#039;expert Journal\" \/>\n<meta property=\"article:publisher\" content=\"https:\/\/www.facebook.com\/Samya.Ayari.tn\" \/>\n<meta property=\"article:published_time\" content=\"2025-09-23T11:39:42+00:00\" \/>\n<meta property=\"article:modified_time\" content=\"2025-09-23T11:41:45+00:00\" \/>\n<meta property=\"og:image\" content=\"https:\/\/lexpertjournal.net\/fr\/wp-content\/uploads\/2025\/09\/a1004.jpg\" \/>\n\t<meta property=\"og:image:width\" content=\"649\" \/>\n\t<meta property=\"og:image:height\" content=\"343\" \/>\n\t<meta property=\"og:image:type\" content=\"image\/jpeg\" \/>\n<meta name=\"author\" content=\"Lexpert\" \/>\n<meta name=\"twitter:card\" content=\"summary_large_image\" \/>\n<meta name=\"twitter:label1\" content=\"\u00c9crit par\" \/>\n\t<meta name=\"twitter:data1\" content=\"Lexpert\" \/>\n\t<meta name=\"twitter:label2\" content=\"Dur\u00e9e de lecture estim\u00e9e\" \/>\n\t<meta name=\"twitter:data2\" content=\"6 minutes\" \/>\n<script type=\"application\/ld+json\" class=\"yoast-schema-graph\">{\"@context\":\"https:\/\/schema.org\",\"@graph\":[{\"@type\":\"Article\",\"@id\":\"https:\/\/lexpertjournal.net\/fr\/?p=138813#article\",\"isPartOf\":{\"@id\":\"https:\/\/lexpertjournal.net\/fr\/?p=138813\"},\"author\":{\"name\":\"Lexpert\",\"@id\":\"https:\/\/lexpertjournal.net\/fr\/#\/schema\/person\/65d2c89a6ae700ca94d3873874b3ae31\"},\"headline\":\"\u00c9tats financiers individuels et consolid\u00e9s : entre contradictions et n\u00e9cessit\u00e9 de r\u00e9forme \u00e0 l\u2019\u00e8re de l\u2019intelligence artificielle\",\"datePublished\":\"2025-09-23T11:39:42+00:00\",\"dateModified\":\"2025-09-23T11:41:45+00:00\",\"mainEntityOfPage\":{\"@id\":\"https:\/\/lexpertjournal.net\/fr\/?p=138813\"},\"wordCount\":1111,\"publisher\":{\"@id\":\"https:\/\/lexpertjournal.net\/fr\/#organization\"},\"image\":{\"@id\":\"https:\/\/lexpertjournal.net\/fr\/?p=138813#primaryimage\"},\"thumbnailUrl\":\"https:\/\/lexpertjournal.net\/fr\/wp-content\/uploads\/2025\/09\/a1004.jpg\",\"keywords\":[\"\u00c9tats financiers\"],\"articleSection\":[\"Actualit\u00e9s\",\"Economie\"],\"inLanguage\":\"fr-FR\"},{\"@type\":\"WebPage\",\"@id\":\"https:\/\/lexpertjournal.net\/fr\/?p=138813\",\"url\":\"https:\/\/lexpertjournal.net\/fr\/?p=138813\",\"name\":\"\u00c9tats financiers individuels et consolid\u00e9s : entre contradictions et n\u00e9cessit\u00e9 de r\u00e9forme \u00e0 l\u2019\u00e8re de l\u2019intelligence artificielle - L&#039;expert Journal\",\"isPartOf\":{\"@id\":\"https:\/\/lexpertjournal.net\/fr\/#website\"},\"primaryImageOfPage\":{\"@id\":\"https:\/\/lexpertjournal.net\/fr\/?p=138813#primaryimage\"},\"image\":{\"@id\":\"https:\/\/lexpertjournal.net\/fr\/?p=138813#primaryimage\"},\"thumbnailUrl\":\"https:\/\/lexpertjournal.net\/fr\/wp-content\/uploads\/2025\/09\/a1004.jpg\",\"datePublished\":\"2025-09-23T11:39:42+00:00\",\"dateModified\":\"2025-09-23T11:41:45+00:00\",\"breadcrumb\":{\"@id\":\"https:\/\/lexpertjournal.net\/fr\/?p=138813#breadcrumb\"},\"inLanguage\":\"fr-FR\",\"potentialAction\":[{\"@type\":\"ReadAction\",\"target\":[\"https:\/\/lexpertjournal.net\/fr\/?p=138813\"]}]},{\"@type\":\"ImageObject\",\"inLanguage\":\"fr-FR\",\"@id\":\"https:\/\/lexpertjournal.net\/fr\/?p=138813#primaryimage\",\"url\":\"https:\/\/lexpertjournal.net\/fr\/wp-content\/uploads\/2025\/09\/a1004.jpg\",\"contentUrl\":\"https:\/\/lexpertjournal.net\/fr\/wp-content\/uploads\/2025\/09\/a1004.jpg\",\"width\":649,\"height\":343},{\"@type\":\"BreadcrumbList\",\"@id\":\"https:\/\/lexpertjournal.net\/fr\/?p=138813#breadcrumb\",\"itemListElement\":[{\"@type\":\"ListItem\",\"position\":1,\"name\":\"Accueil\",\"item\":\"https:\/\/lexpertjournal.net\/fr\/\"},{\"@type\":\"ListItem\",\"position\":2,\"name\":\"\u00c9tats financiers individuels et consolid\u00e9s : entre contradictions et n\u00e9cessit\u00e9 de r\u00e9forme \u00e0 l\u2019\u00e8re de l\u2019intelligence artificielle\"}]},{\"@type\":\"WebSite\",\"@id\":\"https:\/\/lexpertjournal.net\/fr\/#website\",\"url\":\"https:\/\/lexpertjournal.net\/fr\/\",\"name\":\"L'expert Journal\",\"description\":\"\",\"publisher\":{\"@id\":\"https:\/\/lexpertjournal.net\/fr\/#organization\"},\"potentialAction\":[{\"@type\":\"SearchAction\",\"target\":{\"@type\":\"EntryPoint\",\"urlTemplate\":\"https:\/\/lexpertjournal.net\/fr\/?s={search_term_string}\"},\"query-input\":{\"@type\":\"PropertyValueSpecification\",\"valueRequired\":true,\"valueName\":\"search_term_string\"}}],\"inLanguage\":\"fr-FR\"},{\"@type\":\"Organization\",\"@id\":\"https:\/\/lexpertjournal.net\/fr\/#organization\",\"name\":\"L'expert Journal\",\"url\":\"https:\/\/lexpertjournal.net\/fr\/\",\"logo\":{\"@type\":\"ImageObject\",\"inLanguage\":\"fr-FR\",\"@id\":\"https:\/\/lexpertjournal.net\/fr\/#\/schema\/logo\/image\/\",\"url\":\"https:\/\/lexpertjournal.net\/fr\/wp-content\/uploads\/2025\/04\/Capture_d_ecran_2025-04-13_a_17.47.13-removebg-preview-1.png\",\"contentUrl\":\"https:\/\/lexpertjournal.net\/fr\/wp-content\/uploads\/2025\/04\/Capture_d_ecran_2025-04-13_a_17.47.13-removebg-preview-1.png\",\"width\":644,\"height\":154,\"caption\":\"L'expert Journal\"},\"image\":{\"@id\":\"https:\/\/lexpertjournal.net\/fr\/#\/schema\/logo\/image\/\"},\"sameAs\":[\"https:\/\/www.facebook.com\/Samya.Ayari.tn\"]},{\"@type\":\"Person\",\"@id\":\"https:\/\/lexpertjournal.net\/fr\/#\/schema\/person\/65d2c89a6ae700ca94d3873874b3ae31\",\"name\":\"Lexpert\",\"image\":{\"@type\":\"ImageObject\",\"inLanguage\":\"fr-FR\",\"@id\":\"https:\/\/lexpertjournal.net\/fr\/#\/schema\/person\/image\/\",\"url\":\"https:\/\/secure.gravatar.com\/avatar\/ffaa3deee382c43b9d0589b4c2636abaab84b89c93fe74bbcf69c13082bb48fc?s=96&d=mm&r=g\",\"contentUrl\":\"https:\/\/secure.gravatar.com\/avatar\/ffaa3deee382c43b9d0589b4c2636abaab84b89c93fe74bbcf69c13082bb48fc?s=96&d=mm&r=g\",\"caption\":\"Lexpert\"},\"url\":\"https:\/\/lexpertjournal.net\/fr\/?author=2\"}]}<\/script>\n<!-- \/ Yoast SEO Premium plugin. -->","yoast_head_json":{"title":"\u00c9tats financiers individuels et consolid\u00e9s : entre contradictions et n\u00e9cessit\u00e9 de r\u00e9forme \u00e0 l\u2019\u00e8re de l\u2019intelligence artificielle - L&#039;expert Journal","robots":{"index":"index","follow":"follow","max-snippet":"max-snippet:-1","max-image-preview":"max-image-preview:large","max-video-preview":"max-video-preview:-1"},"canonical":"https:\/\/lexpertjournal.net\/fr\/?p=138813","og_locale":"fr_FR","og_type":"article","og_title":"\u00c9tats financiers individuels et consolid\u00e9s : entre contradictions et n\u00e9cessit\u00e9 de r\u00e9forme \u00e0 l\u2019\u00e8re de l\u2019intelligence artificielle","og_description":"&nbsp; Une introduction qui interpelle \u00c0 quoi sert de publier des \u00e9tats financiers individuels si, quelques mois plus tard, les \u00e9tats consolid\u00e9s viennent en r\u00e9v\u00e9ler des \u00e9carts parfois consid\u00e9rables ? La question m\u00e9rite d\u2019\u00eatre pos\u00e9e. Car il ne s\u2019agit pas seulement d\u2019un d\u00e9bat technique r\u00e9serv\u00e9 aux comptables : c\u2019est un enjeu de transparence, de cr\u00e9dibilit\u00e9 [&hellip;]","og_url":"https:\/\/lexpertjournal.net\/fr\/?p=138813","og_site_name":"L&#039;expert Journal","article_publisher":"https:\/\/www.facebook.com\/Samya.Ayari.tn","article_published_time":"2025-09-23T11:39:42+00:00","article_modified_time":"2025-09-23T11:41:45+00:00","og_image":[{"width":649,"height":343,"url":"https:\/\/lexpertjournal.net\/fr\/wp-content\/uploads\/2025\/09\/a1004.jpg","type":"image\/jpeg"}],"author":"Lexpert","twitter_card":"summary_large_image","twitter_misc":{"\u00c9crit par":"Lexpert","Dur\u00e9e de lecture estim\u00e9e":"6 minutes"},"schema":{"@context":"https:\/\/schema.org","@graph":[{"@type":"Article","@id":"https:\/\/lexpertjournal.net\/fr\/?p=138813#article","isPartOf":{"@id":"https:\/\/lexpertjournal.net\/fr\/?p=138813"},"author":{"name":"Lexpert","@id":"https:\/\/lexpertjournal.net\/fr\/#\/schema\/person\/65d2c89a6ae700ca94d3873874b3ae31"},"headline":"\u00c9tats financiers individuels et consolid\u00e9s : entre contradictions et n\u00e9cessit\u00e9 de r\u00e9forme \u00e0 l\u2019\u00e8re de l\u2019intelligence artificielle","datePublished":"2025-09-23T11:39:42+00:00","dateModified":"2025-09-23T11:41:45+00:00","mainEntityOfPage":{"@id":"https:\/\/lexpertjournal.net\/fr\/?p=138813"},"wordCount":1111,"publisher":{"@id":"https:\/\/lexpertjournal.net\/fr\/#organization"},"image":{"@id":"https:\/\/lexpertjournal.net\/fr\/?p=138813#primaryimage"},"thumbnailUrl":"https:\/\/lexpertjournal.net\/fr\/wp-content\/uploads\/2025\/09\/a1004.jpg","keywords":["\u00c9tats financiers"],"articleSection":["Actualit\u00e9s","Economie"],"inLanguage":"fr-FR"},{"@type":"WebPage","@id":"https:\/\/lexpertjournal.net\/fr\/?p=138813","url":"https:\/\/lexpertjournal.net\/fr\/?p=138813","name":"\u00c9tats financiers individuels et consolid\u00e9s : entre contradictions et n\u00e9cessit\u00e9 de r\u00e9forme \u00e0 l\u2019\u00e8re de l\u2019intelligence artificielle - L&#039;expert Journal","isPartOf":{"@id":"https:\/\/lexpertjournal.net\/fr\/#website"},"primaryImageOfPage":{"@id":"https:\/\/lexpertjournal.net\/fr\/?p=138813#primaryimage"},"image":{"@id":"https:\/\/lexpertjournal.net\/fr\/?p=138813#primaryimage"},"thumbnailUrl":"https:\/\/lexpertjournal.net\/fr\/wp-content\/uploads\/2025\/09\/a1004.jpg","datePublished":"2025-09-23T11:39:42+00:00","dateModified":"2025-09-23T11:41:45+00:00","breadcrumb":{"@id":"https:\/\/lexpertjournal.net\/fr\/?p=138813#breadcrumb"},"inLanguage":"fr-FR","potentialAction":[{"@type":"ReadAction","target":["https:\/\/lexpertjournal.net\/fr\/?p=138813"]}]},{"@type":"ImageObject","inLanguage":"fr-FR","@id":"https:\/\/lexpertjournal.net\/fr\/?p=138813#primaryimage","url":"https:\/\/lexpertjournal.net\/fr\/wp-content\/uploads\/2025\/09\/a1004.jpg","contentUrl":"https:\/\/lexpertjournal.net\/fr\/wp-content\/uploads\/2025\/09\/a1004.jpg","width":649,"height":343},{"@type":"BreadcrumbList","@id":"https:\/\/lexpertjournal.net\/fr\/?p=138813#breadcrumb","itemListElement":[{"@type":"ListItem","position":1,"name":"Accueil","item":"https:\/\/lexpertjournal.net\/fr\/"},{"@type":"ListItem","position":2,"name":"\u00c9tats financiers individuels et consolid\u00e9s : entre contradictions et n\u00e9cessit\u00e9 de r\u00e9forme \u00e0 l\u2019\u00e8re de l\u2019intelligence artificielle"}]},{"@type":"WebSite","@id":"https:\/\/lexpertjournal.net\/fr\/#website","url":"https:\/\/lexpertjournal.net\/fr\/","name":"L'expert Journal","description":"","publisher":{"@id":"https:\/\/lexpertjournal.net\/fr\/#organization"},"potentialAction":[{"@type":"SearchAction","target":{"@type":"EntryPoint","urlTemplate":"https:\/\/lexpertjournal.net\/fr\/?s={search_term_string}"},"query-input":{"@type":"PropertyValueSpecification","valueRequired":true,"valueName":"search_term_string"}}],"inLanguage":"fr-FR"},{"@type":"Organization","@id":"https:\/\/lexpertjournal.net\/fr\/#organization","name":"L'expert Journal","url":"https:\/\/lexpertjournal.net\/fr\/","logo":{"@type":"ImageObject","inLanguage":"fr-FR","@id":"https:\/\/lexpertjournal.net\/fr\/#\/schema\/logo\/image\/","url":"https:\/\/lexpertjournal.net\/fr\/wp-content\/uploads\/2025\/04\/Capture_d_ecran_2025-04-13_a_17.47.13-removebg-preview-1.png","contentUrl":"https:\/\/lexpertjournal.net\/fr\/wp-content\/uploads\/2025\/04\/Capture_d_ecran_2025-04-13_a_17.47.13-removebg-preview-1.png","width":644,"height":154,"caption":"L'expert Journal"},"image":{"@id":"https:\/\/lexpertjournal.net\/fr\/#\/schema\/logo\/image\/"},"sameAs":["https:\/\/www.facebook.com\/Samya.Ayari.tn"]},{"@type":"Person","@id":"https:\/\/lexpertjournal.net\/fr\/#\/schema\/person\/65d2c89a6ae700ca94d3873874b3ae31","name":"Lexpert","image":{"@type":"ImageObject","inLanguage":"fr-FR","@id":"https:\/\/lexpertjournal.net\/fr\/#\/schema\/person\/image\/","url":"https:\/\/secure.gravatar.com\/avatar\/ffaa3deee382c43b9d0589b4c2636abaab84b89c93fe74bbcf69c13082bb48fc?s=96&d=mm&r=g","contentUrl":"https:\/\/secure.gravatar.com\/avatar\/ffaa3deee382c43b9d0589b4c2636abaab84b89c93fe74bbcf69c13082bb48fc?s=96&d=mm&r=g","caption":"Lexpert"},"url":"https:\/\/lexpertjournal.net\/fr\/?author=2"}]}},"_links":{"self":[{"href":"https:\/\/lexpertjournal.net\/fr\/index.php?rest_route=\/wp\/v2\/posts\/138813","targetHints":{"allow":["GET"]}}],"collection":[{"href":"https:\/\/lexpertjournal.net\/fr\/index.php?rest_route=\/wp\/v2\/posts"}],"about":[{"href":"https:\/\/lexpertjournal.net\/fr\/index.php?rest_route=\/wp\/v2\/types\/post"}],"author":[{"embeddable":true,"href":"https:\/\/lexpertjournal.net\/fr\/index.php?rest_route=\/wp\/v2\/users\/2"}],"replies":[{"embeddable":true,"href":"https:\/\/lexpertjournal.net\/fr\/index.php?rest_route=%2Fwp%2Fv2%2Fcomments&post=138813"}],"version-history":[{"count":2,"href":"https:\/\/lexpertjournal.net\/fr\/index.php?rest_route=\/wp\/v2\/posts\/138813\/revisions"}],"predecessor-version":[{"id":138816,"href":"https:\/\/lexpertjournal.net\/fr\/index.php?rest_route=\/wp\/v2\/posts\/138813\/revisions\/138816"}],"wp:featuredmedia":[{"embeddable":true,"href":"https:\/\/lexpertjournal.net\/fr\/index.php?rest_route=\/wp\/v2\/media\/138814"}],"wp:attachment":[{"href":"https:\/\/lexpertjournal.net\/fr\/index.php?rest_route=%2Fwp%2Fv2%2Fmedia&parent=138813"}],"wp:term":[{"taxonomy":"category","embeddable":true,"href":"https:\/\/lexpertjournal.net\/fr\/index.php?rest_route=%2Fwp%2Fv2%2Fcategories&post=138813"},{"taxonomy":"post_tag","embeddable":true,"href":"https:\/\/lexpertjournal.net\/fr\/index.php?rest_route=%2Fwp%2Fv2%2Ftags&post=138813"}],"curies":[{"name":"wp","href":"https:\/\/api.w.org\/{rel}","templated":true}]}}